{"id":53798,"date":"2024-04-29T17:39:51","date_gmt":"2024-04-29T23:39:51","guid":{"rendered":"https:\/\/encuentroinformativo.com.mx\/?p=53798"},"modified":"2024-04-29T17:39:57","modified_gmt":"2024-04-29T23:39:57","slug":"mujeres-capacitadas-para-debatir-senala-regidora","status":"publish","type":"post","link":"https:\/\/encuentroinformativo.com.mx\/?p=53798","title":{"rendered":"Mujeres capacitadas para debatir, se\u00f1ala Regidora"},"content":{"rendered":"\n<p><strong>Alejandro \u00c1vila<\/strong><\/p>\n\n\n\n<p>Veracruz, Ver.- Los debates a la presidencia de M\u00e9xico, y a la gubernatura de Veracruz que se realizaron el pasado fin de semana, demostraron que las mujeres est\u00e1n capacitadas para exponer con argumentos s\u00f3lidos sus aspiraciones a cargos de elecci\u00f3n popular, mencion\u00f3 la regidora de Veracruz, Lissethe Mart\u00ednez Echeverr\u00eda.<\/p>\n\n\n\n<p>La morenista mencion\u00f3 que tanto Claudia Sheinbaum como Roc\u00edo Nahle han puesto en alto a las mujeres, al demostrar que est\u00e1n capacitadas para los cargos p\u00fablicos que pretenden ostentar; al mismo tiempo, invit\u00f3 al resto de las mujeres que inician a partir de ese 30 de abril sus campa\u00f1as pol\u00edticas a que no renuncien al ejercicio democr\u00e1tico del debate.<\/p>\n\n\n\n<p>&#8220;Conf\u00edo en que las mujeres est\u00e1n ahorita contendiendo hagan este ejercicio, que s\u00ed vayan, que s\u00ed haya un debate para conocer propuesta para conocer iniciativa, y tambi\u00e9n para que se vea que las mujeres despu\u00e9s de una lucha de tantos a\u00f1os donde estuvimos defendiendo la paridad en los Congresos, donde estuvimos luchando por los derechos de votar y ser votadas se est\u00e9 aplicando sustantivamente; creo que esto, lejos de ser un ejercicio democr\u00e1tico y que definitivamente la ley nos lo obliga, s\u00ed deber\u00edamos de incidir, s\u00ed deber\u00edamos de visibilizar la participaci\u00f3n de las mujeres en el \u00e1mbito p\u00fablico y en la pol\u00edtica&#8221;.<\/p>\n\n\n\n<p>&#8220;Principalmente que ya est\u00e1n las mujeres aqu\u00ed represent\u00e1ndonos, sea cual sea el color, creo que tenemos una responsabilidad muy importante en seguir incidiendo, en inspirar, en seguir promoviendo la participaci\u00f3n pol\u00edtica de las mujeres, y que sean dignificados esos espacios, que s\u00ed entremos con toda la lucha, con todo el valor y, por supuesto con esta imagen donde la mujer est\u00e1 llegando a estos espacios por su trabajo, por su pasi\u00f3n, y por su amor por nuestro estado&#8221;, asest\u00f3.<\/p>\n\n\n\n<p>Cabe recordar que, hasta el momento las \u00fanicas mujeres que se han negado a debatir son de Morena; se trata de la aspirante a la diputaci\u00f3n federal por Xalapa, Ana Miriam Ferraez; y la candidata al Senado de la Rep\u00fablica por primera f\u00f3rmula, Claudia Tello.<\/p>\n","protected":false},"excerpt":{"rendered":"<p>Alejandro \u00c1vila Veracruz, Ver.- Los debates a la presidencia de M\u00e9xico, y a la gubernatura de Veracruz que se realizaron el pasado fin de semana, demostraron que las mujeres est\u00e1n capacitadas para exponer con argumentos s\u00f3lidos sus aspiraciones a cargos de elecci\u00f3n popular, mencion\u00f3 la regidora de Veracruz, Lissethe Mart\u00ednez Echeverr\u00eda. La morenista mencion\u00f3 que [&hellip;]<\/p>\n","protected":false},"author":2476,"featured_media":53799,"comment_status":"open","ping_status":"open","sticky":false,"template":"","format":"standard","meta":{"_jetpack_memberships_contains_paid_content":false,"footnotes":""},"categories":[2],"tags":[],"class_list":["post-53798","post","type-post","status-publish","format-standard","has-post-thumbnail","hentry","category-estado"],"jetpack_featured_media_url":"https:\/\/encuentroinformativo.com.mx\/wp-content\/uploads\/2024\/04\/IMG-20240429-WA01352.jpg","jetpack_sharing_enabled":true,"jetpack_likes_enabled":true,"amp_enabled":true,"_links":{"self":[{"href":"https:\/\/encuentroinformativo.com.mx\/index.php?rest_route=\/wp\/v2\/posts\/53798","targetHints":{"allow":["GET"]}}],"collection":[{"href":"https:\/\/encuentroinformativo.com.mx\/index.php?rest_route=\/wp\/v2\/posts"}],"about":[{"href":"https:\/\/encuentroinformativo.com.mx\/index.php?rest_route=\/wp\/v2\/types\/post"}],"author":[{"embeddable":true,"href":"https:\/\/encuentroinformativo.com.mx\/index.php?rest_route=\/wp\/v2\/users\/2476"}],"replies":[{"embeddable":true,"href":"https:\/\/encuentroinformativo.com.mx\/index.php?rest_route=%2Fwp%2Fv2%2Fcomments&post=53798"}],"version-history":[{"count":1,"href":"https:\/\/encuentroinformativo.com.mx\/index.php?rest_route=\/wp\/v2\/posts\/53798\/revisions"}],"predecessor-version":[{"id":53800,"href":"https:\/\/encuentroinformativo.com.mx\/index.php?rest_route=\/wp\/v2\/posts\/53798\/revisions\/53800"}],"wp:featuredmedia":[{"embeddable":true,"href":"https:\/\/encuentroinformativo.com.mx\/index.php?rest_route=\/wp\/v2\/media\/53799"}],"wp:attachment":[{"href":"https:\/\/encuentroinformativo.com.mx\/index.php?rest_route=%2Fwp%2Fv2%2Fmedia&parent=53798"}],"wp:term":[{"taxonomy":"category","embeddable":true,"href":"https:\/\/encuentroinformativo.com.mx\/index.php?rest_route=%2Fwp%2Fv2%2Fcategories&post=53798"},{"taxonomy":"post_tag","embeddable":true,"href":"https:\/\/encuentroinformativo.com.mx\/index.php?rest_route=%2Fwp%2Fv2%2Ftags&post=53798"}],"curies":[{"name":"wp","href":"https:\/\/api.w.org\/{rel}","templated":true}]}}