{"id":53807,"date":"2024-04-29T19:20:02","date_gmt":"2024-04-30T01:20:02","guid":{"rendered":"https:\/\/encuentroinformativo.com.mx\/?p=53807"},"modified":"2024-04-29T19:20:09","modified_gmt":"2024-04-30T01:20:09","slug":"sigue-en-analisis-propuesta-de-debate-para-aspirantes-al-senado-senala-ine","status":"publish","type":"post","link":"https:\/\/encuentroinformativo.com.mx\/?p=53807","title":{"rendered":"Sigue en an\u00e1lisis propuesta de debate para aspirantes al Senado, se\u00f1ala INE"},"content":{"rendered":"\n<p><strong>Dar\u00edo Pale<\/strong><\/p>\n\n\n\n<p>Xalapa, Ver.- El vocal de la Junta Local del Instituto Nacional Electoral (INE) Josu\u00e9 Cervantes Mart\u00ednez, calific\u00f3 como positivo que aspirantes al Senado debatan; \u201cla propuesta sigue en an\u00e1lisis\u201d.<\/p>\n\n\n\n<p>En entrevista se\u00f1al\u00f3 que, est\u00e1 por definir si debatir\u00e1n las primeras f\u00f3rmulas o una combinaci\u00f3n de las representaciones de las candidaturas al Senado de Rep\u00fablica.<\/p>\n\n\n\n<p>Al respecto, el vocal ejecutivo de la Junta Local Josu\u00e9 Cervantes Mart\u00ednez coment\u00f3 que se cuenta con el respaldo del Organismo P\u00fablico Local Electoral (OPLE), para el desarrollo de este ejercicio en lo que corresponde a las labores de transmisi\u00f3n.<\/p>\n\n\n\n<p>Y es que, record\u00f3, el INE no cuenta con un presupuesto espec\u00edfico para la organizaci\u00f3n de un debate, por lo que, de realizarse, ser\u00e1 con los materiales t\u00e9cnicos y de mobiliario de los quehaceres diarios.<\/p>\n\n\n\n<p>\u201cRecurso no tenemos, porque el INE no es organizador de debates en el \u00e1mbito del Senado y en el de las Diputaciones; todo ser\u00eda con materiales y mobiliario que tenemos, eso s\u00ed con el mejor \u00e1nimo y que se cumpla en fin de estos ejercicios, exponer las propuestas\u201d, se\u00f1al\u00f3.<\/p>\n\n\n\n<p>Por lo anterior, refiri\u00f3 que si bien la agenda electoral da oportunidad a que un debate de tal caracter\u00edstica se realice hasta el 29 de mayo; el INE requiere ser notificado con una semana de anticipaci\u00f3n para los preparativos correspondientes.<\/p>\n\n\n\n<p>Hasta ahora, reiter\u00f3, la petici\u00f3n de los partidos pol\u00edticos no se ha formalizado, pero s\u00ed est\u00e1 el inter\u00e9s porque se lleve a cabo.<\/p>\n\n\n\n<p>\u201cSe me acercaron partidos pol\u00edticos, me pidieron que coadyub\u00e1ramos, pero no se ha formalizado; seguimos en pl\u00e1ticas, estamos en espera del consenso (\u2026); el detalle es definir quienes debatir\u00e1n, primeras formulas, segundas o alternando a consideraci\u00f3n de las representaciones\u201d, coment\u00f3.<\/p>\n\n\n\n<p>Finalmente, se pronunci\u00f3 a favor de estos ejercicios, enfatiz\u00f3 que, \u201clos debates son una buena oportunidad para que la ciudadan\u00eda se entere de cu\u00e1les son las candidaturas, que conozcan las propuestas; son buenas oportunidades para que las candidatas y los candidatos le digan a la ciudadan\u00eda\u201d.<\/p>\n","protected":false},"excerpt":{"rendered":"<p>Dar\u00edo Pale Xalapa, Ver.- El vocal de la Junta Local del Instituto Nacional Electoral (INE) Josu\u00e9 Cervantes Mart\u00ednez, calific\u00f3 como positivo que aspirantes al Senado debatan; \u201cla propuesta sigue en an\u00e1lisis\u201d. En entrevista se\u00f1al\u00f3 que, est\u00e1 por definir si debatir\u00e1n las primeras f\u00f3rmulas o una combinaci\u00f3n de las representaciones de las candidaturas al Senado de [&hellip;]<\/p>\n","protected":false},"author":2476,"featured_media":53808,"comment_status":"open","ping_status":"open","sticky":false,"template":"","format":"standard","meta":{"_jetpack_memberships_contains_paid_content":false,"footnotes":""},"categories":[2],"tags":[],"class_list":["post-53807","post","type-post","status-publish","format-standard","has-post-thumbnail","hentry","category-estado"],"jetpack_featured_media_url":"https:\/\/encuentroinformativo.com.mx\/wp-content\/uploads\/2024\/04\/IMG-20240429-WA0159.jpg","jetpack_sharing_enabled":true,"jetpack_likes_enabled":true,"amp_enabled":true,"_links":{"self":[{"href":"https:\/\/encuentroinformativo.com.mx\/index.php?rest_route=\/wp\/v2\/posts\/53807","targetHints":{"allow":["GET"]}}],"collection":[{"href":"https:\/\/encuentroinformativo.com.mx\/index.php?rest_route=\/wp\/v2\/posts"}],"about":[{"href":"https:\/\/encuentroinformativo.com.mx\/index.php?rest_route=\/wp\/v2\/types\/post"}],"author":[{"embeddable":true,"href":"https:\/\/encuentroinformativo.com.mx\/index.php?rest_route=\/wp\/v2\/users\/2476"}],"replies":[{"embeddable":true,"href":"https:\/\/encuentroinformativo.com.mx\/index.php?rest_route=%2Fwp%2Fv2%2Fcomments&post=53807"}],"version-history":[{"count":1,"href":"https:\/\/encuentroinformativo.com.mx\/index.php?rest_route=\/wp\/v2\/posts\/53807\/revisions"}],"predecessor-version":[{"id":53809,"href":"https:\/\/encuentroinformativo.com.mx\/index.php?rest_route=\/wp\/v2\/posts\/53807\/revisions\/53809"}],"wp:featuredmedia":[{"embeddable":true,"href":"https:\/\/encuentroinformativo.com.mx\/index.php?rest_route=\/wp\/v2\/media\/53808"}],"wp:attachment":[{"href":"https:\/\/encuentroinformativo.com.mx\/index.php?rest_route=%2Fwp%2Fv2%2Fmedia&parent=53807"}],"wp:term":[{"taxonomy":"category","embeddable":true,"href":"https:\/\/encuentroinformativo.com.mx\/index.php?rest_route=%2Fwp%2Fv2%2Fcategories&post=53807"},{"taxonomy":"post_tag","embeddable":true,"href":"https:\/\/encuentroinformativo.com.mx\/index.php?rest_route=%2Fwp%2Fv2%2Ftags&post=53807"}],"curies":[{"name":"wp","href":"https:\/\/api.w.org\/{rel}","templated":true}]}}