{"id":53821,"date":"2024-04-30T12:26:51","date_gmt":"2024-04-30T18:26:51","guid":{"rendered":"https:\/\/encuentroinformativo.com.mx\/?p=53821"},"modified":"2024-04-30T12:26:57","modified_gmt":"2024-04-30T18:26:57","slug":"a-mi-primo-tato-se-lo-heredo-duarte-a-rocio-nahle-yunes-marquez","status":"publish","type":"post","link":"https:\/\/encuentroinformativo.com.mx\/?p=53821","title":{"rendered":"A mi primo Tato se lo hered\u00f3 Duarte a Roc\u00edo Nahle: Yunes M\u00e1rquez"},"content":{"rendered":"\n<p><strong>Alejandro \u00c1vila<\/strong><\/p>\n\n\n\n<p>Veracruz, Ver.- El candidato al Senado de la Rep\u00fablica, Miguel \u00c1ngel Yunes M\u00e1rquez, asegur\u00f3 que su primo hermano, Eduardo Vega Yunes, fue una herencia que le dej\u00f3 Javier Duarte a Roc\u00edo Nahle Garc\u00eda.<\/p>\n\n\n\n<p>El panista expuso en rueda de prensa que, tanto es el aprecio que tiene la candidata de Morena por el apellido Yunes, que no solo compr\u00f3 una residencia en la zona donde ellos gobiernan, sino que tambi\u00e9n agrego a su grupo cercano de trabajo a su primo hermano, y aunque el actual dirigente de Fuerza por M\u00e9xico en Veracruz se quite su segundo apellido, tambi\u00e9n es Yunes.<\/p>\n\n\n\n<p>&#8220;Claro, ah\u00ed est\u00e1 est\u00e1 pegadito a ella, entonces yo no s\u00e9 qu\u00e9 se quejan de los Yunes (\u2026) es mi primo hermano, Eduardo Vega Yunes, aunque a \u00e9l le da pena y se quita el Yunes, dice que es Tato Vega, no, es Tato Vega Yunes, Esa es la realidad (\u2026) trabaj\u00f3 conmigo, a \u00e9l lo convenci\u00f3 Duarte en su momento, se fue con Duarte y Duarte se lo hered\u00f3 a su t\u00eda Ch\u00edo, as\u00ed que esa fue la herencia&#8221;, asest\u00f3.<\/p>\n\n\n\n<p>Finalmente, recalc\u00f3 que la candidata de Morena, Roc\u00edo Nahle, tergiversa el tema de la violencia de g\u00e9nero; pues en lugar de preocuparse porque le recuerden que naci\u00f3 en Zacatecas, deber\u00eda ocuparse del desastroso tercer lugar que tiene Veracruz a nivel nacional en cuanto a feminicidios.<\/p>\n\n\n\n<p>&#8220;Lo que hemos dicho es eso, que Morena tiene a Veracruz en el tercer lugar nacional en n\u00famero de feminicidios, es un n\u00famero enorme, es un lugar muy penoso para el estado y no han hecho absolutamente nada. Entonces, esta se\u00f1ora est\u00e1 m\u00e1s preocupada en hablar de la violencia pol\u00edtica de g\u00e9nero en contra de ella por decirle zacatecana, que en la violencia por las muertes, de las vejaciones, de los maltratos que sufren miles de mujeres Veracruzanas todos los d\u00edas&#8221;, culmin\u00f3.<\/p>\n","protected":false},"excerpt":{"rendered":"<p>Alejandro \u00c1vila Veracruz, Ver.- El candidato al Senado de la Rep\u00fablica, Miguel \u00c1ngel Yunes M\u00e1rquez, asegur\u00f3 que su primo hermano, Eduardo Vega Yunes, fue una herencia que le dej\u00f3 Javier Duarte a Roc\u00edo Nahle Garc\u00eda. El panista expuso en rueda de prensa que, tanto es el aprecio que tiene la candidata de Morena por el [&hellip;]<\/p>\n","protected":false},"author":2476,"featured_media":53822,"comment_status":"open","ping_status":"open","sticky":false,"template":"","format":"standard","meta":{"_jetpack_memberships_contains_paid_content":false,"footnotes":""},"categories":[2],"tags":[],"class_list":["post-53821","post","type-post","status-publish","format-standard","has-post-thumbnail","hentry","category-estado"],"jetpack_featured_media_url":"https:\/\/encuentroinformativo.com.mx\/wp-content\/uploads\/2024\/04\/IMG-20240430-WA0044.jpg","jetpack_sharing_enabled":true,"jetpack_likes_enabled":true,"amp_enabled":true,"_links":{"self":[{"href":"https:\/\/encuentroinformativo.com.mx\/index.php?rest_route=\/wp\/v2\/posts\/53821","targetHints":{"allow":["GET"]}}],"collection":[{"href":"https:\/\/encuentroinformativo.com.mx\/index.php?rest_route=\/wp\/v2\/posts"}],"about":[{"href":"https:\/\/encuentroinformativo.com.mx\/index.php?rest_route=\/wp\/v2\/types\/post"}],"author":[{"embeddable":true,"href":"https:\/\/encuentroinformativo.com.mx\/index.php?rest_route=\/wp\/v2\/users\/2476"}],"replies":[{"embeddable":true,"href":"https:\/\/encuentroinformativo.com.mx\/index.php?rest_route=%2Fwp%2Fv2%2Fcomments&post=53821"}],"version-history":[{"count":1,"href":"https:\/\/encuentroinformativo.com.mx\/index.php?rest_route=\/wp\/v2\/posts\/53821\/revisions"}],"predecessor-version":[{"id":53823,"href":"https:\/\/encuentroinformativo.com.mx\/index.php?rest_route=\/wp\/v2\/posts\/53821\/revisions\/53823"}],"wp:featuredmedia":[{"embeddable":true,"href":"https:\/\/encuentroinformativo.com.mx\/index.php?rest_route=\/wp\/v2\/media\/53822"}],"wp:attachment":[{"href":"https:\/\/encuentroinformativo.com.mx\/index.php?rest_route=%2Fwp%2Fv2%2Fmedia&parent=53821"}],"wp:term":[{"taxonomy":"category","embeddable":true,"href":"https:\/\/encuentroinformativo.com.mx\/index.php?rest_route=%2Fwp%2Fv2%2Fcategories&post=53821"},{"taxonomy":"post_tag","embeddable":true,"href":"https:\/\/encuentroinformativo.com.mx\/index.php?rest_route=%2Fwp%2Fv2%2Ftags&post=53821"}],"curies":[{"name":"wp","href":"https:\/\/api.w.org\/{rel}","templated":true}]}}