{"id":53845,"date":"2024-04-30T16:26:54","date_gmt":"2024-04-30T22:26:54","guid":{"rendered":"https:\/\/encuentroinformativo.com.mx\/?p=53845"},"modified":"2024-04-30T16:26:59","modified_gmt":"2024-04-30T22:26:59","slug":"sev-suspende-a-4-maestros-y-director-de-escuela-de-boca-del-rio","status":"publish","type":"post","link":"https:\/\/encuentroinformativo.com.mx\/?p=53845","title":{"rendered":"SEV suspende a 4 maestros y director de escuela de Boca del R\u00edo"},"content":{"rendered":"\n<p><strong>Alejandro \u00c1vila<\/strong><\/p>\n\n\n\n<p>Boca del R\u00edo, Ver.- Cuatro maestros y el director de la Telesecundaria &#8220;Mariano Abasolo&#8221; en el municipio de Boca del R\u00edo, fueron suspendidos por la Secretar\u00eda de Educaci\u00f3n de Veracruz, por lo que 120 alumnos no tendr\u00e1n clases durante 30 d\u00edas.<\/p>\n\n\n\n<p>Sin previo aviso, personal de la Secretar\u00eda de Educaci\u00f3n de Veracruz envi\u00f3 a los estudiantes de segundo y tercer a\u00f1o a sus casas, mencionando que existe una investigaci\u00f3n por parte de la Comisi\u00f3n Estatal de los Derechos Humanos (CEDH), por una queja interpuesta por la ex presidenta de la Asociaci\u00f3n de Padres de Familia; de la misma manera, se\u00f1alaron que no hab\u00eda docentes interinos, por lo cual se suspender\u00edan las clases.<\/p>\n\n\n\n<p>La actual presidenta de la APF, Adelaida Lara, expuso que el conflicto se dio porque la pasada presidenta no quiso rendir cuentas, pero la SEV, lejos de aclarar el asunto y darle soluci\u00f3n, decidi\u00f3 afectar a los estudiantes.<\/p>\n\n\n\n<p>\u201cPor 30 d\u00edas no tenemos maestros y est\u00e1 por verse hasta que no lleguen a alguna soluci\u00f3n puede que nos quedemos sin maestros hasta 90 d\u00edas. A ra\u00edz que tuvieron queja algunos pap\u00e1s de que la se\u00f1ora agarr\u00f3 dinero de la tesorer\u00eda, no entreg\u00f3 cuentas bien, no entreg\u00f3 registro de inscripci\u00f3n.<\/p>\n\n\n\n<p>\u00bfQu\u00e9 vamos a hacer con nuestros ni\u00f1os son 4 salones que no hay maestros, no pueden mandar ning\u00fan interino. Son 4 maestros y un director, son 120 alumnos un mes sin clases\u201d, expres\u00f3.<\/p>\n\n\n\n<p>La preocupaci\u00f3n es que los menores de tercer a\u00f1o, est\u00e1n por ingresar al Bachillerato y lo har\u00e1n en desventaja porque al menos un mes, no tendr\u00e1n clases.<\/p>\n\n\n\n<p>La advertencia de la SEV es que el proceso puede ampliarse a 90 d\u00edas.<\/p>\n\n\n\n<p>\u201cMi hija se qued\u00f3 sin clases, son 30 d\u00edas, si son 90 nos vamos hasta el fin de curos, si de por s\u00ed traen un rezago de pandemia, y se estaban nivelando y otra vez empiezan. No nos est\u00e1n tomando en cuenta, el director lleg\u00f3 a\u00f1o y medio en llegar y ahorita e 6 meses no los quitan y 4 maestros, no se si sepan, pero nos dejan sin maestros, sin director (\u2026) queremos que nos den una soluci\u00f3n a la SEV\u201d, se\u00f1al\u00f3 Erika Flores.<\/p>\n\n\n\n<p>Los padres de familia, del plantel ubicado en la colonia Manuel Nieto, se manifestaron y piden a la SEV que aclare la situaci\u00f3n, pero sobre todo que asigne docentes y al director, porque existen tr\u00e1mites que deben hacer y requieren la firma oficial.<\/p>\n","protected":false},"excerpt":{"rendered":"<p>Alejandro \u00c1vila Boca del R\u00edo, Ver.- Cuatro maestros y el director de la Telesecundaria &#8220;Mariano Abasolo&#8221; en el municipio de Boca del R\u00edo, fueron suspendidos por la Secretar\u00eda de Educaci\u00f3n de Veracruz, por lo que 120 alumnos no tendr\u00e1n clases durante 30 d\u00edas. Sin previo aviso, personal de la Secretar\u00eda de Educaci\u00f3n de Veracruz envi\u00f3 [&hellip;]<\/p>\n","protected":false},"author":2476,"featured_media":53846,"comment_status":"open","ping_status":"open","sticky":false,"template":"","format":"standard","meta":{"_jetpack_memberships_contains_paid_content":false,"footnotes":""},"categories":[2],"tags":[],"class_list":["post-53845","post","type-post","status-publish","format-standard","has-post-thumbnail","hentry","category-estado"],"jetpack_featured_media_url":"https:\/\/encuentroinformativo.com.mx\/wp-content\/uploads\/2024\/04\/IMG-20240430-WA0101.jpg","jetpack_sharing_enabled":true,"jetpack_likes_enabled":true,"amp_enabled":true,"_links":{"self":[{"href":"https:\/\/encuentroinformativo.com.mx\/index.php?rest_route=\/wp\/v2\/posts\/53845","targetHints":{"allow":["GET"]}}],"collection":[{"href":"https:\/\/encuentroinformativo.com.mx\/index.php?rest_route=\/wp\/v2\/posts"}],"about":[{"href":"https:\/\/encuentroinformativo.com.mx\/index.php?rest_route=\/wp\/v2\/types\/post"}],"author":[{"embeddable":true,"href":"https:\/\/encuentroinformativo.com.mx\/index.php?rest_route=\/wp\/v2\/users\/2476"}],"replies":[{"embeddable":true,"href":"https:\/\/encuentroinformativo.com.mx\/index.php?rest_route=%2Fwp%2Fv2%2Fcomments&post=53845"}],"version-history":[{"count":1,"href":"https:\/\/encuentroinformativo.com.mx\/index.php?rest_route=\/wp\/v2\/posts\/53845\/revisions"}],"predecessor-version":[{"id":53847,"href":"https:\/\/encuentroinformativo.com.mx\/index.php?rest_route=\/wp\/v2\/posts\/53845\/revisions\/53847"}],"wp:featuredmedia":[{"embeddable":true,"href":"https:\/\/encuentroinformativo.com.mx\/index.php?rest_route=\/wp\/v2\/media\/53846"}],"wp:attachment":[{"href":"https:\/\/encuentroinformativo.com.mx\/index.php?rest_route=%2Fwp%2Fv2%2Fmedia&parent=53845"}],"wp:term":[{"taxonomy":"category","embeddable":true,"href":"https:\/\/encuentroinformativo.com.mx\/index.php?rest_route=%2Fwp%2Fv2%2Fcategories&post=53845"},{"taxonomy":"post_tag","embeddable":true,"href":"https:\/\/encuentroinformativo.com.mx\/index.php?rest_route=%2Fwp%2Fv2%2Ftags&post=53845"}],"curies":[{"name":"wp","href":"https:\/\/api.w.org\/{rel}","templated":true}]}}