{"id":5387,"date":"2020-08-31T12:51:38","date_gmt":"2020-08-31T17:51:38","guid":{"rendered":"https:\/\/encuentroinformativo.com\/?p=5387"},"modified":"2020-08-31T12:51:43","modified_gmt":"2020-08-31T17:51:43","slug":"desconoce-regidor-presuntas-amenazas-a-integrantes-del-cabildo","status":"publish","type":"post","link":"https:\/\/encuentroinformativo.com.mx\/?p=5387","title":{"rendered":"Desconoce Regidor presuntas amenazas a integrantes del Cabildo"},"content":{"rendered":"\n<p><strong>Dar\u00edo Pale <\/strong><\/p>\n\n\n\n<p>Xalapa, Ver.- El regidor d\u00e9cimo del ayuntamiento de Xalapa Juan Gabriel Fern\u00e1ndez Garibay dio a conocer que desconoce el motivo por el cual el presidente municipal de Xalapa Hip\u00f3lito Rodr\u00edguez Herrero realiz\u00f3 esas declaraciones la pasada sesi\u00f3n de Cabildo ya que \u00e9l no ha sido amenazo.<\/p>\n\n\n\n<p>Entrevistado en las calles del centro de la capital del estado, se\u00f1al\u00f3 que las autoridades tienen que entender que tienen la obligaci\u00f3n con todos los xalape\u00f1os por igual, lo que menos necesita Xalapa es la polarizaci\u00f3n ya que hay grandes retos como lo son salud, desarrollo econ\u00f3mico, falta de empleo, y la creciente inseguridad.<\/p>\n\n\n\n<p>\u201cEl alcalde como se lo he dicho desde el primer momento tiene toda la facultad para promover, quitar o poner a quien quiera de las comisiones y como se lo dije en la \u00faltima reuni\u00f3n que tuve yo no me voy a prestar para tapar algo en lo que yo no creo si usted dese con todo gusto p\u00eddame la comisi\u00f3n que yo se la entreg\u00f3, no s\u00e9 porque saca ahora lo de la derecha y lo de la izquierda\u201d, se\u00f1al\u00f3.<\/p>\n\n\n\n<p>En cuanto a las supuestas amenazas que les hicieron a los regidores dijo que fue muy aventurado ya que no sabe a qu\u00e9 se refiere en realidad, ya que el alcalde tendr\u00e1 que aclarar de donde saco esa informaci\u00f3n ya que no tiene la menor idea de lo que dice el presidente municipal.<\/p>\n\n\n\n<p>Coment\u00f3 que de su parte nunca ha sido amenazado y el d\u00eda de la sesi\u00f3n faltaron tanto la izquierda, la derecha y el centro, fueron muchos por lo que recalc\u00f3 que Xalapa merece m\u00e1s que ri\u00f1as pol\u00edticas u otro tipo de situaciones.<\/p>\n\n\n\n<p>En cuanto a los empleos temporales coment\u00f3 que varios regidores est\u00e1n presionando por la falta de oportunidades que tienen en la capital del estado ya que la gente no quieren que le regales busca hoy una oportunidad para poder seguir trabajando y subsistir, esos son los retos que tienen por delante, ya que son tiempos de unidad y no de divisi\u00f3n.<\/p>\n\n\n\n<p>Finalmente se\u00f1al\u00f3 que en cuanto a las acciones del alcalde del pasado fin de semana donde se puso a barrer el parque de los Berros se\u00f1al\u00f3 que hay temas m\u00e1s grandes que atacar en estos momentos ya que se han perdido miles de empleos y miles de comercios que han cerrado y la inseguridad en la zona rural se ha incrementado ya que la polic\u00eda municipal pocas veces baja.<\/p>\n\n\n\n<p><\/p>\n","protected":false},"excerpt":{"rendered":"<p>Dar\u00edo Pale Xalapa, Ver.- El regidor d\u00e9cimo del ayuntamiento de Xalapa Juan Gabriel Fern\u00e1ndez Garibay dio a conocer que desconoce el motivo por el cual el presidente municipal de Xalapa Hip\u00f3lito Rodr\u00edguez Herrero realiz\u00f3 esas declaraciones la pasada sesi\u00f3n de Cabildo ya que \u00e9l no ha sido amenazo. Entrevistado en las calles del centro de [&hellip;]<\/p>\n","protected":false},"author":1,"featured_media":5388,"comment_status":"open","ping_status":"open","sticky":false,"template":"","format":"standard","meta":{"_jetpack_memberships_contains_paid_content":false,"footnotes":""},"categories":[3],"tags":[],"class_list":["post-5387","post","type-post","status-publish","format-standard","has-post-thumbnail","hentry","category-xalapa"],"jetpack_featured_media_url":"https:\/\/encuentroinformativo.com.mx\/wp-content\/uploads\/2020\/08\/2EF58EC4-FA76-4ACD-8C7B-1A3DAB6DED36.jpeg","jetpack_sharing_enabled":true,"jetpack_likes_enabled":true,"amp_enabled":true,"_links":{"self":[{"href":"https:\/\/encuentroinformativo.com.mx\/index.php?rest_route=\/wp\/v2\/posts\/5387","targetHints":{"allow":["GET"]}}],"collection":[{"href":"https:\/\/encuentroinformativo.com.mx\/index.php?rest_route=\/wp\/v2\/posts"}],"about":[{"href":"https:\/\/encuentroinformativo.com.mx\/index.php?rest_route=\/wp\/v2\/types\/post"}],"author":[{"embeddable":true,"href":"https:\/\/encuentroinformativo.com.mx\/index.php?rest_route=\/wp\/v2\/users\/1"}],"replies":[{"embeddable":true,"href":"https:\/\/encuentroinformativo.com.mx\/index.php?rest_route=%2Fwp%2Fv2%2Fcomments&post=5387"}],"version-history":[{"count":1,"href":"https:\/\/encuentroinformativo.com.mx\/index.php?rest_route=\/wp\/v2\/posts\/5387\/revisions"}],"predecessor-version":[{"id":5389,"href":"https:\/\/encuentroinformativo.com.mx\/index.php?rest_route=\/wp\/v2\/posts\/5387\/revisions\/5389"}],"wp:featuredmedia":[{"embeddable":true,"href":"https:\/\/encuentroinformativo.com.mx\/index.php?rest_route=\/wp\/v2\/media\/5388"}],"wp:attachment":[{"href":"https:\/\/encuentroinformativo.com.mx\/index.php?rest_route=%2Fwp%2Fv2%2Fmedia&parent=5387"}],"wp:term":[{"taxonomy":"category","embeddable":true,"href":"https:\/\/encuentroinformativo.com.mx\/index.php?rest_route=%2Fwp%2Fv2%2Fcategories&post=5387"},{"taxonomy":"post_tag","embeddable":true,"href":"https:\/\/encuentroinformativo.com.mx\/index.php?rest_route=%2Fwp%2Fv2%2Ftags&post=5387"}],"curies":[{"name":"wp","href":"https:\/\/api.w.org\/{rel}","templated":true}]}}