{"id":53873,"date":"2024-04-30T23:06:29","date_gmt":"2024-05-01T05:06:29","guid":{"rendered":"https:\/\/encuentroinformativo.com.mx\/?p=53873"},"modified":"2024-04-30T23:06:34","modified_gmt":"2024-05-01T05:06:34","slug":"guty-lagunes-llevo-a-junior-klan-a-su-arranque-de-campana-de-alvarado","status":"publish","type":"post","link":"https:\/\/encuentroinformativo.com.mx\/?p=53873","title":{"rendered":"Guty Lagunes llev\u00f3 a Junior Klan a su arranque de campa\u00f1a de Alvarado"},"content":{"rendered":"\n<p><strong>Alejandro \u00c1vila<\/strong><\/p>\n\n\n\n<p>Alvarado, Ver.- &#8220;La Maravilla Musical de M\u00e9xico&#8221;, Junior Klan; cerr\u00f3 con broche de oro el inicio de campa\u00f1a del candidato a diputado local por el Distrito 17, Agust\u00edn Lagunes \u00c1lvarez.<\/p>\n\n\n\n<p>A las 20 horas, el grupo nativo de Piedras Negras en el municipio de Tlalixcoyan, deleit\u00f3 a los alvarade\u00f1os que abarrotaron el evento de arranque de campa\u00f1a de Guty Lagunes.<\/p>\n\n\n\n<p>Junior klan puso a bailar a los simpatizantes ve la alianza &#8220;Fuerza y Coraz\u00f3n por Veracruz&#8221; con melod\u00edas como: Las Africanas, Coquetona, Ya Cay\u00f3, La Pruebita, Mentirosa, entre otras.<\/p>\n\n\n\n<p>Previo al evento, Guty Lagunes, aspirante a una curul local por el Distrito 17, fue acompa\u00f1ado en su recorrido por el candidato a la gubernatura de Veracruz, Pepe Yunes; y el candidato al Senado de la Rep\u00fablica, Miguel \u00c1ngel Yunes M\u00e1rquez.<\/p>\n\n\n\n<p>Poco m\u00e1s de 2 horas dur\u00f3 la caminata en las calles de la cabecera municipal de Alvarado, donde fueron arropados por la clase trabajadora del municipio costero.<\/p>\n\n\n\n<p>Guty Lagunes continuar\u00e1 sus recorridos en los municipios de Cotaxtla, Tlalixcoyan, Paso del Macho, Soledad de Doblado, Atoyac, Ignacio de la Llave, Camar\u00f3n de Tejeda, Carrillo Puerto y Cuitl\u00e1huac.<\/p>\n","protected":false},"excerpt":{"rendered":"<p>Alejandro \u00c1vila Alvarado, Ver.- &#8220;La Maravilla Musical de M\u00e9xico&#8221;, Junior Klan; cerr\u00f3 con broche de oro el inicio de campa\u00f1a del candidato a diputado local por el Distrito 17, Agust\u00edn Lagunes \u00c1lvarez. A las 20 horas, el grupo nativo de Piedras Negras en el municipio de Tlalixcoyan, deleit\u00f3 a los alvarade\u00f1os que abarrotaron el evento [&hellip;]<\/p>\n","protected":false},"author":2476,"featured_media":53874,"comment_status":"open","ping_status":"open","sticky":false,"template":"","format":"standard","meta":{"_jetpack_memberships_contains_paid_content":false,"footnotes":""},"categories":[2],"tags":[],"class_list":["post-53873","post","type-post","status-publish","format-standard","has-post-thumbnail","hentry","category-estado"],"jetpack_featured_media_url":"https:\/\/encuentroinformativo.com.mx\/wp-content\/uploads\/2024\/04\/IMG-20240430-WA01372.jpg","jetpack_sharing_enabled":true,"jetpack_likes_enabled":true,"amp_enabled":true,"_links":{"self":[{"href":"https:\/\/encuentroinformativo.com.mx\/index.php?rest_route=\/wp\/v2\/posts\/53873","targetHints":{"allow":["GET"]}}],"collection":[{"href":"https:\/\/encuentroinformativo.com.mx\/index.php?rest_route=\/wp\/v2\/posts"}],"about":[{"href":"https:\/\/encuentroinformativo.com.mx\/index.php?rest_route=\/wp\/v2\/types\/post"}],"author":[{"embeddable":true,"href":"https:\/\/encuentroinformativo.com.mx\/index.php?rest_route=\/wp\/v2\/users\/2476"}],"replies":[{"embeddable":true,"href":"https:\/\/encuentroinformativo.com.mx\/index.php?rest_route=%2Fwp%2Fv2%2Fcomments&post=53873"}],"version-history":[{"count":1,"href":"https:\/\/encuentroinformativo.com.mx\/index.php?rest_route=\/wp\/v2\/posts\/53873\/revisions"}],"predecessor-version":[{"id":53875,"href":"https:\/\/encuentroinformativo.com.mx\/index.php?rest_route=\/wp\/v2\/posts\/53873\/revisions\/53875"}],"wp:featuredmedia":[{"embeddable":true,"href":"https:\/\/encuentroinformativo.com.mx\/index.php?rest_route=\/wp\/v2\/media\/53874"}],"wp:attachment":[{"href":"https:\/\/encuentroinformativo.com.mx\/index.php?rest_route=%2Fwp%2Fv2%2Fmedia&parent=53873"}],"wp:term":[{"taxonomy":"category","embeddable":true,"href":"https:\/\/encuentroinformativo.com.mx\/index.php?rest_route=%2Fwp%2Fv2%2Fcategories&post=53873"},{"taxonomy":"post_tag","embeddable":true,"href":"https:\/\/encuentroinformativo.com.mx\/index.php?rest_route=%2Fwp%2Fv2%2Ftags&post=53873"}],"curies":[{"name":"wp","href":"https:\/\/api.w.org\/{rel}","templated":true}]}}