{"id":53877,"date":"2024-05-01T09:27:00","date_gmt":"2024-05-01T15:27:00","guid":{"rendered":"https:\/\/encuentroinformativo.com.mx\/?p=53877"},"modified":"2024-05-01T09:27:08","modified_gmt":"2024-05-01T15:27:08","slug":"confian-en-que-prevalezca-civilidad-al-interior-de-la-ctm","status":"publish","type":"post","link":"https:\/\/encuentroinformativo.com.mx\/?p=53877","title":{"rendered":"Conf\u00edan en que prevalezca civilidad al interior de la CTM"},"content":{"rendered":"\n<p><strong>Dar\u00edo Pale <\/strong><\/p>\n\n\n\n<p>Xalapa, Ver.- En este desfile participar\u00e1n alrededor de 60 mil trabajadores, Anibal Pacheco advirti\u00f3 que se formar\u00eda delante de ellos as\u00ed lo dio a conocer el secretario general de la CTM, Carlos Aceves Amezcua.<\/p>\n\n\n\n<p>En entrevista dijo que espera que este 1 de mayo quepa la prudencia y no se registre ning\u00fan conflicto con An\u00edbal Pacheco.<\/p>\n\n\n\n<p>Y es que hay que recordar que el regidor del ayuntamiento de Xalapa, advirti\u00f3 que se formar\u00eda delante del contingente que encabezar\u00e1 Aceves Amezcua.<\/p>\n\n\n\n<p>&#8220;No s\u00e9 si hablar de arreglo porque no hab\u00eda desarreglo. Nosotros, como hace 40 a\u00f1os vamos a desfilar de manera legal, de manera leg\u00edtima&#8221;, se\u00f1al\u00f3.<\/p>\n\n\n\n<p>&#8220;Sin duda alguna que hay alguna inquietud por parte m\u00eda y de parte de todos los trabajadores que hacemos el contingente de CTM. Yo espero que haya prudencia en la cabeza de todos los dem\u00e1s&#8221;, agrego.<\/p>\n\n\n\n<p>Aceves Amezcua expres\u00f3 que este es un d\u00eda de conmemoraci\u00f3n no de pelea, por lo que est\u00e1n aqu\u00ed de manera pac\u00edfica para conmemorar los derechos de los trabajadores.<\/p>\n\n\n\n<p>Finalmente, indic\u00f3 que participar\u00e1n alrededor de 60 mil trabajadores, por lo que la parada c\u00edvica durar\u00e1 alrededor de cinco horas, ya que tambi\u00e9n vienen de todo el Estado de distintas centrales obreras.<\/p>\n","protected":false},"excerpt":{"rendered":"<p>Dar\u00edo Pale Xalapa, Ver.- En este desfile participar\u00e1n alrededor de 60 mil trabajadores, Anibal Pacheco advirti\u00f3 que se formar\u00eda delante de ellos as\u00ed lo dio a conocer el secretario general de la CTM, Carlos Aceves Amezcua. En entrevista dijo que espera que este 1 de mayo quepa la prudencia y no se registre ning\u00fan conflicto [&hellip;]<\/p>\n","protected":false},"author":2476,"featured_media":53878,"comment_status":"open","ping_status":"open","sticky":false,"template":"","format":"standard","meta":{"_jetpack_memberships_contains_paid_content":false,"footnotes":""},"categories":[3],"tags":[],"class_list":["post-53877","post","type-post","status-publish","format-standard","has-post-thumbnail","hentry","category-xalapa"],"jetpack_featured_media_url":"https:\/\/encuentroinformativo.com.mx\/wp-content\/uploads\/2024\/05\/IMG-20240501-WA0009.jpg","jetpack_sharing_enabled":true,"jetpack_likes_enabled":true,"amp_enabled":true,"_links":{"self":[{"href":"https:\/\/encuentroinformativo.com.mx\/index.php?rest_route=\/wp\/v2\/posts\/53877","targetHints":{"allow":["GET"]}}],"collection":[{"href":"https:\/\/encuentroinformativo.com.mx\/index.php?rest_route=\/wp\/v2\/posts"}],"about":[{"href":"https:\/\/encuentroinformativo.com.mx\/index.php?rest_route=\/wp\/v2\/types\/post"}],"author":[{"embeddable":true,"href":"https:\/\/encuentroinformativo.com.mx\/index.php?rest_route=\/wp\/v2\/users\/2476"}],"replies":[{"embeddable":true,"href":"https:\/\/encuentroinformativo.com.mx\/index.php?rest_route=%2Fwp%2Fv2%2Fcomments&post=53877"}],"version-history":[{"count":1,"href":"https:\/\/encuentroinformativo.com.mx\/index.php?rest_route=\/wp\/v2\/posts\/53877\/revisions"}],"predecessor-version":[{"id":53879,"href":"https:\/\/encuentroinformativo.com.mx\/index.php?rest_route=\/wp\/v2\/posts\/53877\/revisions\/53879"}],"wp:featuredmedia":[{"embeddable":true,"href":"https:\/\/encuentroinformativo.com.mx\/index.php?rest_route=\/wp\/v2\/media\/53878"}],"wp:attachment":[{"href":"https:\/\/encuentroinformativo.com.mx\/index.php?rest_route=%2Fwp%2Fv2%2Fmedia&parent=53877"}],"wp:term":[{"taxonomy":"category","embeddable":true,"href":"https:\/\/encuentroinformativo.com.mx\/index.php?rest_route=%2Fwp%2Fv2%2Fcategories&post=53877"},{"taxonomy":"post_tag","embeddable":true,"href":"https:\/\/encuentroinformativo.com.mx\/index.php?rest_route=%2Fwp%2Fv2%2Ftags&post=53877"}],"curies":[{"name":"wp","href":"https:\/\/api.w.org\/{rel}","templated":true}]}}