{"id":53880,"date":"2024-05-01T09:41:15","date_gmt":"2024-05-01T15:41:15","guid":{"rendered":"https:\/\/encuentroinformativo.com.mx\/?p=53880"},"modified":"2024-05-01T09:41:24","modified_gmt":"2024-05-01T15:41:24","slug":"gobierno-federal-no-atendio-a-trabajadores-universitarios-fesapauv","status":"publish","type":"post","link":"https:\/\/encuentroinformativo.com.mx\/?p=53880","title":{"rendered":"Gobierno federal no atendi\u00f3 a trabajadores universitarios: Fesapauv"},"content":{"rendered":"\n<p><strong>Dar\u00edo Pale <\/strong><\/p>\n\n\n\n<p>Xalapa, Ver.- El secretario general del Sindicato Estatal de Personal Acad\u00e9mico de la Universidad Veracruzana (Fesapauv), Enrique Levet Gorozpe, se\u00f1al\u00f3 que en estos seis a\u00f1os la administraci\u00f3n de Andr\u00e9s Manuel L\u00f3pez Obrador no atendi\u00f3 &#8220;tan certeramente&#8221; a los trabajadores universitarios.<\/p>\n\n\n\n<p>&#8220;No se mejor\u00f3 el presupuesto de la universidad p\u00fablica y los trabajadores, en su gran mayor\u00eda manifiestan algunas incomodidades&#8221;, expuso.<\/p>\n\n\n\n<p>Reconoci\u00f3 que en algunas cosas se favorecieron a los trabajadores, por ejemplo el incremento al salario m\u00ednimo.<\/p>\n\n\n\n<p>&#8220;Es una acci\u00f3n de Gobierno muy clara y sobre todo en estos tiempos que por el proceso de la pandemia hubo mucha inflaci\u00f3n&#8221;, expres\u00f3.<\/p>\n\n\n\n<p>Por otra parte, el tambi\u00e9n l\u00edder de la Confederaci\u00f3n Nacional de Trabajadores Universitarios (CONTU), indic\u00f3 que solamente queda pendiente un proceso de huelga en Sonora.<\/p>\n","protected":false},"excerpt":{"rendered":"<p>Dar\u00edo Pale Xalapa, Ver.- El secretario general del Sindicato Estatal de Personal Acad\u00e9mico de la Universidad Veracruzana (Fesapauv), Enrique Levet Gorozpe, se\u00f1al\u00f3 que en estos seis a\u00f1os la administraci\u00f3n de Andr\u00e9s Manuel L\u00f3pez Obrador no atendi\u00f3 &#8220;tan certeramente&#8221; a los trabajadores universitarios. &#8220;No se mejor\u00f3 el presupuesto de la universidad p\u00fablica y los trabajadores, en [&hellip;]<\/p>\n","protected":false},"author":2476,"featured_media":53881,"comment_status":"open","ping_status":"open","sticky":false,"template":"","format":"standard","meta":{"_jetpack_memberships_contains_paid_content":false,"footnotes":""},"categories":[2],"tags":[],"class_list":["post-53880","post","type-post","status-publish","format-standard","has-post-thumbnail","hentry","category-estado"],"jetpack_featured_media_url":"https:\/\/encuentroinformativo.com.mx\/wp-content\/uploads\/2024\/05\/IMG-20240501-WA0015.jpg","jetpack_sharing_enabled":true,"jetpack_likes_enabled":true,"amp_enabled":true,"_links":{"self":[{"href":"https:\/\/encuentroinformativo.com.mx\/index.php?rest_route=\/wp\/v2\/posts\/53880","targetHints":{"allow":["GET"]}}],"collection":[{"href":"https:\/\/encuentroinformativo.com.mx\/index.php?rest_route=\/wp\/v2\/posts"}],"about":[{"href":"https:\/\/encuentroinformativo.com.mx\/index.php?rest_route=\/wp\/v2\/types\/post"}],"author":[{"embeddable":true,"href":"https:\/\/encuentroinformativo.com.mx\/index.php?rest_route=\/wp\/v2\/users\/2476"}],"replies":[{"embeddable":true,"href":"https:\/\/encuentroinformativo.com.mx\/index.php?rest_route=%2Fwp%2Fv2%2Fcomments&post=53880"}],"version-history":[{"count":1,"href":"https:\/\/encuentroinformativo.com.mx\/index.php?rest_route=\/wp\/v2\/posts\/53880\/revisions"}],"predecessor-version":[{"id":53882,"href":"https:\/\/encuentroinformativo.com.mx\/index.php?rest_route=\/wp\/v2\/posts\/53880\/revisions\/53882"}],"wp:featuredmedia":[{"embeddable":true,"href":"https:\/\/encuentroinformativo.com.mx\/index.php?rest_route=\/wp\/v2\/media\/53881"}],"wp:attachment":[{"href":"https:\/\/encuentroinformativo.com.mx\/index.php?rest_route=%2Fwp%2Fv2%2Fmedia&parent=53880"}],"wp:term":[{"taxonomy":"category","embeddable":true,"href":"https:\/\/encuentroinformativo.com.mx\/index.php?rest_route=%2Fwp%2Fv2%2Fcategories&post=53880"},{"taxonomy":"post_tag","embeddable":true,"href":"https:\/\/encuentroinformativo.com.mx\/index.php?rest_route=%2Fwp%2Fv2%2Ftags&post=53880"}],"curies":[{"name":"wp","href":"https:\/\/api.w.org\/{rel}","templated":true}]}}