{"id":53883,"date":"2024-05-01T10:44:08","date_gmt":"2024-05-01T16:44:08","guid":{"rendered":"https:\/\/encuentroinformativo.com.mx\/?p=53883"},"modified":"2024-05-01T10:44:15","modified_gmt":"2024-05-01T16:44:15","slug":"snte-demanda-contratacion-de-seguros-para-jubilados","status":"publish","type":"post","link":"https:\/\/encuentroinformativo.com.mx\/?p=53883","title":{"rendered":"SNTE demanda contrataci\u00f3n de seguros para jubilados"},"content":{"rendered":"\n<p><strong>Dar\u00edo Pale <\/strong><\/p>\n\n\n\n<p>Xalapa, Ver.- El Secretario General de la Secci\u00f3n 32 del SNTE, Daniel Covarrubias L\u00f3pez, indic\u00f3 que la mayor demanda de esta agrupaci\u00f3n es el despegue salarial a nivel nacional, mientras que a nivel estado dijo que buscan la contrataci\u00f3n de seguro para los jubilados.<\/p>\n\n\n\n<p>\u201cA nivel estado es la contrataci\u00f3n de seguro para los jubilados, nos ha lastimado porque hay compa\u00f1eros que en la pandemia ya se nos adelantaron y eso es lo que tenemos pendiente\u201d, coment\u00f3.<\/p>\n\n\n\n<p>Entrevistado, se\u00f1al\u00f3 que estos seguros se buscan b\u00e1sicamente desde el 2022 a la fecha \u201cson del 2022 hacia ac\u00e1, como no hay seguro de jubilados estamos en eso, hay anteriores desde que estaba Duarte pero se han ido sacando\u201d.<\/p>\n\n\n\n<p>Agreg\u00f3 que hay otras demandas como el caso de las claves, sin embargo admiti\u00f3 que siempre hay acuerdos con las autoridades en las mesas de di\u00e1logo y se sale de las problem\u00e1ticas.<\/p>\n\n\n\n<p>Al ser cuestionado sobre el tema electoral, se\u00f1al\u00f3 que es necesario que los candidatos volteen a ver al magisterio veracruzano.<\/p>\n\n\n\n<p>Finalmente, refiri\u00f3 que este d\u00eda desfilan alrededor de 7 mil agremiados en la Ciudad de Xalapa.<\/p>\n","protected":false},"excerpt":{"rendered":"<p>Dar\u00edo Pale Xalapa, Ver.- El Secretario General de la Secci\u00f3n 32 del SNTE, Daniel Covarrubias L\u00f3pez, indic\u00f3 que la mayor demanda de esta agrupaci\u00f3n es el despegue salarial a nivel nacional, mientras que a nivel estado dijo que buscan la contrataci\u00f3n de seguro para los jubilados. \u201cA nivel estado es la contrataci\u00f3n de seguro para [&hellip;]<\/p>\n","protected":false},"author":2476,"featured_media":53884,"comment_status":"open","ping_status":"open","sticky":false,"template":"","format":"standard","meta":{"_jetpack_memberships_contains_paid_content":false,"footnotes":""},"categories":[2],"tags":[],"class_list":["post-53883","post","type-post","status-publish","format-standard","has-post-thumbnail","hentry","category-estado"],"jetpack_featured_media_url":"https:\/\/encuentroinformativo.com.mx\/wp-content\/uploads\/2024\/05\/IMG-20240501-WA0035.jpg","jetpack_sharing_enabled":true,"jetpack_likes_enabled":true,"amp_enabled":true,"_links":{"self":[{"href":"https:\/\/encuentroinformativo.com.mx\/index.php?rest_route=\/wp\/v2\/posts\/53883","targetHints":{"allow":["GET"]}}],"collection":[{"href":"https:\/\/encuentroinformativo.com.mx\/index.php?rest_route=\/wp\/v2\/posts"}],"about":[{"href":"https:\/\/encuentroinformativo.com.mx\/index.php?rest_route=\/wp\/v2\/types\/post"}],"author":[{"embeddable":true,"href":"https:\/\/encuentroinformativo.com.mx\/index.php?rest_route=\/wp\/v2\/users\/2476"}],"replies":[{"embeddable":true,"href":"https:\/\/encuentroinformativo.com.mx\/index.php?rest_route=%2Fwp%2Fv2%2Fcomments&post=53883"}],"version-history":[{"count":1,"href":"https:\/\/encuentroinformativo.com.mx\/index.php?rest_route=\/wp\/v2\/posts\/53883\/revisions"}],"predecessor-version":[{"id":53885,"href":"https:\/\/encuentroinformativo.com.mx\/index.php?rest_route=\/wp\/v2\/posts\/53883\/revisions\/53885"}],"wp:featuredmedia":[{"embeddable":true,"href":"https:\/\/encuentroinformativo.com.mx\/index.php?rest_route=\/wp\/v2\/media\/53884"}],"wp:attachment":[{"href":"https:\/\/encuentroinformativo.com.mx\/index.php?rest_route=%2Fwp%2Fv2%2Fmedia&parent=53883"}],"wp:term":[{"taxonomy":"category","embeddable":true,"href":"https:\/\/encuentroinformativo.com.mx\/index.php?rest_route=%2Fwp%2Fv2%2Fcategories&post=53883"},{"taxonomy":"post_tag","embeddable":true,"href":"https:\/\/encuentroinformativo.com.mx\/index.php?rest_route=%2Fwp%2Fv2%2Ftags&post=53883"}],"curies":[{"name":"wp","href":"https:\/\/api.w.org\/{rel}","templated":true}]}}