{"id":53889,"date":"2024-05-01T11:44:04","date_gmt":"2024-05-01T17:44:04","guid":{"rendered":"https:\/\/encuentroinformativo.com.mx\/?p=53889"},"modified":"2024-05-01T11:44:52","modified_gmt":"2024-05-01T17:44:52","slug":"promete-sev-pago-de-recategorizaciones-para-el-dia-15","status":"publish","type":"post","link":"https:\/\/encuentroinformativo.com.mx\/?p=53889","title":{"rendered":"Promete SEV pago de recategorizaciones para el d\u00eda 15"},"content":{"rendered":"\n<p><strong>Dar\u00edo Pale <\/strong><\/p>\n\n\n\n<p>Xalapa, Ver.- El titular de la Secretar\u00eda de Educaci\u00f3n de Veracruz (SEV), V\u00edctor Emmanuel Vargas Barrientos asegur\u00f3 que antes del pr\u00f3ximo 15 de mayo se pagar\u00edan alrededor de 200 millones de pesos correspondientes a recategorizaciones.<\/p>\n\n\n\n<p>En entrevista se\u00f1al\u00f3 que, ante las manifestaciones constantes en las instalaciones de la Secretar\u00eda de Educaci\u00f3n de Veracruz por parte de organizaciones sindicales, solicit\u00f3 prudencia a las dirigencias sindicales, pues se est\u00e1 atendiendo el tema.&nbsp;<\/p>\n\n\n\n<p>\u201cLas manifestaciones que tuvimos en el mes de abril fue por cuestiones de techo presupuestal un tema de homologados, un presupuesto que se destin\u00f3 por parte del gobierno del estado y que cada a\u00f1o se les designa un monto a las agrupaciones sindicales y siempre hay algunas inconformidades por el monto que se les designa\u201d, se\u00f1al\u00f3.<\/p>\n\n\n\n<p>En ese sentido, sostuvo que se han establecido mesas de negociaciones con las organizaciones sindicales, \u00e9l y la oficial mayor, Ariadna Selene Aguilar Amaya para poder asignar un presupuesto de acuerdo al n\u00famero de afiliados de cada organizaci\u00f3n.&nbsp;<\/p>\n\n\n\n<p>Finalmente Vargas Barrientos confi\u00f3 en que antes del 15 de mayo, D\u00eda del Maestro se pueda resolver el tema y se paguen las recategorizaciones del magisterio a m\u00e1s de 110 mil maestros, lo que significa un monto de m\u00e1s de 200 millones de pesos.<\/p>\n","protected":false},"excerpt":{"rendered":"<p>Dar\u00edo Pale Xalapa, Ver.- El titular de la Secretar\u00eda de Educaci\u00f3n de Veracruz (SEV), V\u00edctor Emmanuel Vargas Barrientos asegur\u00f3 que antes del pr\u00f3ximo 15 de mayo se pagar\u00edan alrededor de 200 millones de pesos correspondientes a recategorizaciones. En entrevista se\u00f1al\u00f3 que, ante las manifestaciones constantes en las instalaciones de la Secretar\u00eda de Educaci\u00f3n de Veracruz [&hellip;]<\/p>\n","protected":false},"author":2476,"featured_media":53891,"comment_status":"open","ping_status":"open","sticky":false,"template":"","format":"standard","meta":{"_jetpack_memberships_contains_paid_content":false,"footnotes":""},"categories":[2],"tags":[],"class_list":["post-53889","post","type-post","status-publish","format-standard","has-post-thumbnail","hentry","category-estado"],"jetpack_featured_media_url":"https:\/\/encuentroinformativo.com.mx\/wp-content\/uploads\/2024\/05\/IMG-20240501-WA00392.jpg","jetpack_sharing_enabled":true,"jetpack_likes_enabled":true,"amp_enabled":true,"_links":{"self":[{"href":"https:\/\/encuentroinformativo.com.mx\/index.php?rest_route=\/wp\/v2\/posts\/53889","targetHints":{"allow":["GET"]}}],"collection":[{"href":"https:\/\/encuentroinformativo.com.mx\/index.php?rest_route=\/wp\/v2\/posts"}],"about":[{"href":"https:\/\/encuentroinformativo.com.mx\/index.php?rest_route=\/wp\/v2\/types\/post"}],"author":[{"embeddable":true,"href":"https:\/\/encuentroinformativo.com.mx\/index.php?rest_route=\/wp\/v2\/users\/2476"}],"replies":[{"embeddable":true,"href":"https:\/\/encuentroinformativo.com.mx\/index.php?rest_route=%2Fwp%2Fv2%2Fcomments&post=53889"}],"version-history":[{"count":2,"href":"https:\/\/encuentroinformativo.com.mx\/index.php?rest_route=\/wp\/v2\/posts\/53889\/revisions"}],"predecessor-version":[{"id":53892,"href":"https:\/\/encuentroinformativo.com.mx\/index.php?rest_route=\/wp\/v2\/posts\/53889\/revisions\/53892"}],"wp:featuredmedia":[{"embeddable":true,"href":"https:\/\/encuentroinformativo.com.mx\/index.php?rest_route=\/wp\/v2\/media\/53891"}],"wp:attachment":[{"href":"https:\/\/encuentroinformativo.com.mx\/index.php?rest_route=%2Fwp%2Fv2%2Fmedia&parent=53889"}],"wp:term":[{"taxonomy":"category","embeddable":true,"href":"https:\/\/encuentroinformativo.com.mx\/index.php?rest_route=%2Fwp%2Fv2%2Fcategories&post=53889"},{"taxonomy":"post_tag","embeddable":true,"href":"https:\/\/encuentroinformativo.com.mx\/index.php?rest_route=%2Fwp%2Fv2%2Ftags&post=53889"}],"curies":[{"name":"wp","href":"https:\/\/api.w.org\/{rel}","templated":true}]}}