{"id":53893,"date":"2024-05-01T11:49:05","date_gmt":"2024-05-01T17:49:05","guid":{"rendered":"https:\/\/encuentroinformativo.com.mx\/?p=53893"},"modified":"2024-05-01T11:49:11","modified_gmt":"2024-05-01T17:49:11","slug":"reclaman-justicia-para-periodistas-asesinados","status":"publish","type":"post","link":"https:\/\/encuentroinformativo.com.mx\/?p=53893","title":{"rendered":"Reclaman justicia para periodistas asesinados"},"content":{"rendered":"\n<p><strong>Juan Arcos <\/strong><\/p>\n\n\n\n<p>Xalapa, Ver.- Familiares de periodistas asesinados o desaparecidos en el estado de Veracruz protestaron durante el desfile conmemorativo por el D\u00eda del Trabajo en la ciudad de Xalapa, frente al palco de las autoridades estatales.<\/p>\n\n\n\n<p>Los integrantes de la Red en Memoria y Lucha de Periodistas Asesinados y Desaparecidos alzaron la voz en el marco del D\u00eda Mundial de la Libertad de Prensa, que se conmemora el 3 de mayo.<\/p>\n\n\n\n<p>Frente a Palacio de Gobierno, ellos colocaron mu\u00f1ecos de tela y cart\u00f3n, degollados y embolsados, en un per\u00edmetro acordonado con cinta amarilla para recrear la escena del crimen de un periodista.<\/p>\n\n\n\n<p>Tambi\u00e9n denunciaron que persiste la impunidad en los cr\u00edmenes de comunicadores que han ocurrido en la entidad veracruzana.<\/p>\n\n\n\n<p>Jorge S\u00e1nchez Ord\u00f3\u00f1ez, hijo de Mois\u00e9s S\u00e1nchez, quien fue levantado el 2 de enero de 2015 y su cuerpo localizado tres semanas despu\u00e9s, el 24 de enero, indic\u00f3 que contin\u00faa impune el caso.<\/p>\n\n\n\n<p>\u201cVeracruz, que es uno de los lugares m\u00e1s letales para ejercer el periodismo. Todos los casos est\u00e1n iguales, impunes, sin ning\u00fan avance y no hay manera de que se haga justicia\u201d, expres\u00f3.<\/p>\n\n\n\n<p>Por tal motivo, pidi\u00f3 a las autoridades que cumplan los compromisos que realizaron con los familiares, como hacer un monumento para los periodistas asesinados o desaparecidos.<\/p>\n\n\n\n<p>\u201cEllos se comprometieron a varias cosas, ni uno de esos compromisos se realizaron y eso es lo que queremos\u201d, a\u00f1adi\u00f3 Jorge S\u00e1nchez en Plaza Sebasti\u00e1n Lerdo de Tejada, tambi\u00e9n conocida como \u201cPlaza Regina\u201d.<\/p>\n\n\n\n<p>Los familiares aprovecharon el D\u00eda del Trabajo para recordar a las autoridades que no hay garantizar para el ejercer la libertad de prensa.<\/p>\n\n\n\n<p>\u201cEstamos aprovechando el D\u00eda del Trabajo porque el periodista se arriesga para informar, muchas veces el periodista es asesinado, no puede haber un trabajo digno si tienes el riesgo o el temor de que te van a matar\u201d, enfatiz\u00f3.<\/p>\n\n\n\n<p>En la protesta tambi\u00e9n particip\u00f3 Mar\u00eda Fernanda de Luna Ferral, hija de Mar\u00eda Elena Ferral Hern\u00e1ndez, quien fue asesinada el 30 de marzo de 2020 en el municipio de Papantla, ubicado en la zona norte del estado de Veracruz, cuando hombres a bordo de una motocicleta la interceptaron y le dispararon a sangre fr\u00eda.<\/p>\n","protected":false},"excerpt":{"rendered":"<p>Juan Arcos Xalapa, Ver.- Familiares de periodistas asesinados o desaparecidos en el estado de Veracruz protestaron durante el desfile conmemorativo por el D\u00eda del Trabajo en la ciudad de Xalapa, frente al palco de las autoridades estatales. Los integrantes de la Red en Memoria y Lucha de Periodistas Asesinados y Desaparecidos alzaron la voz en [&hellip;]<\/p>\n","protected":false},"author":2476,"featured_media":53894,"comment_status":"open","ping_status":"open","sticky":false,"template":"","format":"standard","meta":{"_jetpack_memberships_contains_paid_content":false,"footnotes":""},"categories":[2],"tags":[],"class_list":["post-53893","post","type-post","status-publish","format-standard","has-post-thumbnail","hentry","category-estado"],"jetpack_featured_media_url":"https:\/\/encuentroinformativo.com.mx\/wp-content\/uploads\/2024\/05\/IMG_5175.jpg","jetpack_sharing_enabled":true,"jetpack_likes_enabled":true,"amp_enabled":true,"_links":{"self":[{"href":"https:\/\/encuentroinformativo.com.mx\/index.php?rest_route=\/wp\/v2\/posts\/53893","targetHints":{"allow":["GET"]}}],"collection":[{"href":"https:\/\/encuentroinformativo.com.mx\/index.php?rest_route=\/wp\/v2\/posts"}],"about":[{"href":"https:\/\/encuentroinformativo.com.mx\/index.php?rest_route=\/wp\/v2\/types\/post"}],"author":[{"embeddable":true,"href":"https:\/\/encuentroinformativo.com.mx\/index.php?rest_route=\/wp\/v2\/users\/2476"}],"replies":[{"embeddable":true,"href":"https:\/\/encuentroinformativo.com.mx\/index.php?rest_route=%2Fwp%2Fv2%2Fcomments&post=53893"}],"version-history":[{"count":1,"href":"https:\/\/encuentroinformativo.com.mx\/index.php?rest_route=\/wp\/v2\/posts\/53893\/revisions"}],"predecessor-version":[{"id":53895,"href":"https:\/\/encuentroinformativo.com.mx\/index.php?rest_route=\/wp\/v2\/posts\/53893\/revisions\/53895"}],"wp:featuredmedia":[{"embeddable":true,"href":"https:\/\/encuentroinformativo.com.mx\/index.php?rest_route=\/wp\/v2\/media\/53894"}],"wp:attachment":[{"href":"https:\/\/encuentroinformativo.com.mx\/index.php?rest_route=%2Fwp%2Fv2%2Fmedia&parent=53893"}],"wp:term":[{"taxonomy":"category","embeddable":true,"href":"https:\/\/encuentroinformativo.com.mx\/index.php?rest_route=%2Fwp%2Fv2%2Fcategories&post=53893"},{"taxonomy":"post_tag","embeddable":true,"href":"https:\/\/encuentroinformativo.com.mx\/index.php?rest_route=%2Fwp%2Fv2%2Ftags&post=53893"}],"curies":[{"name":"wp","href":"https:\/\/api.w.org\/{rel}","templated":true}]}}