{"id":53898,"date":"2024-05-01T12:01:29","date_gmt":"2024-05-01T18:01:29","guid":{"rendered":"https:\/\/encuentroinformativo.com.mx\/?p=53898"},"modified":"2024-05-01T12:01:36","modified_gmt":"2024-05-01T18:01:36","slug":"los-candidatos-ciudadanos-si-queremos-hacer-un-cambio-por-veracruz-polo-deschamps","status":"publish","type":"post","link":"https:\/\/encuentroinformativo.com.mx\/?p=53898","title":{"rendered":"Los candidatos ciudadanos s\u00ed queremos hacer un cambio por Veracruz: Polo Deschamps"},"content":{"rendered":"\n<p><strong>Alejandro \u00c1vila<\/strong><\/p>\n\n\n\n<p>Veracruz, Ver.- El aspirante a la gubernatura de Veracruz, Hip\u00f3lito Deschamps Espino Barros, dijo que los 30 candidatos del partido naranja a las diputaciones locales son ciudadanos, y est\u00e1n deseosos de hacer un verdadero cambio por Veracruz.<\/p>\n\n\n\n<p>El ex alcalde de Medell\u00edn abander\u00f3 a los candidatos que buscan una curul en el Congreso de Veracruz, y aclar\u00f3 que la prioridad de Movimiento Ciudadano, es erradicar la pobreza de 5 millones de veracruzanos.<\/p>\n\n\n\n<p>&#8220;Ahora vamos a arrancar con ese tercer aire como dije, vienen 30 hombres y mujeres de bien, veracruzanos todos, que quieren comenzar a caminar los Distritos locales, y yo les he comentado de la importancia que tiene su campa\u00f1a para Movimiento Ciudadano y para el Estado de Veracruz, porque se va a ganar sin duda alguna la gubernatura, pero necesitamos tambi\u00e9n tener un Congreso que entienda las prioridades que tiene Movimiento Ciudadano, y cu\u00e1les son las prioridades, esos 5 millones de pobres que tiene el Estado de Veracruz&#8221;, expres\u00f3.<\/p>\n\n\n\n<p>Polo Deschamps aclar\u00f3 que los candidatos de Movimiento Ciudadano no fueron elegidos para cumplir un pacto pol\u00edtico, ya que son personas comprometidas con Veracruz y con la convicci\u00f3n de mejorar las condiciones de los ciudadanos de los municipios que representar\u00e1n.<\/p>\n\n\n\n<p>&#8220;Yo necesito que hay este tipo de diputados locales en nuestro Congreso, gente valiosa que entienda esta necesidad, ciudadanos de bien que no est\u00e1n aqu\u00ed por cuotas pol\u00edticas, que no est\u00e1n aqu\u00ed por temas familiares nada m\u00e1s, para ver a qui\u00e9n le tocaba el puesto, est\u00e1n aqu\u00ed porque quieren hacer algo por su Distrito, por eso yo felicito a todos los candidatos y candidatas que est\u00e1n arrancando, tengo confianza que van a hacer el trabajo que tienen que hacer y vamos a ganar la elecci\u00f3n, los invito a que no dejen de caminar, es tan solo un mes el que tienen, para que podamos cambiar el destino de Veracruz&#8221;, culmin\u00f3.<\/p>\n","protected":false},"excerpt":{"rendered":"<p>Alejandro \u00c1vila Veracruz, Ver.- El aspirante a la gubernatura de Veracruz, Hip\u00f3lito Deschamps Espino Barros, dijo que los 30 candidatos del partido naranja a las diputaciones locales son ciudadanos, y est\u00e1n deseosos de hacer un verdadero cambio por Veracruz. El ex alcalde de Medell\u00edn abander\u00f3 a los candidatos que buscan una curul en el Congreso [&hellip;]<\/p>\n","protected":false},"author":2476,"featured_media":53899,"comment_status":"open","ping_status":"open","sticky":false,"template":"","format":"standard","meta":{"_jetpack_memberships_contains_paid_content":false,"footnotes":""},"categories":[2],"tags":[],"class_list":["post-53898","post","type-post","status-publish","format-standard","has-post-thumbnail","hentry","category-estado"],"jetpack_featured_media_url":"https:\/\/encuentroinformativo.com.mx\/wp-content\/uploads\/2024\/05\/IMG-20240501-WA00632.jpg","jetpack_sharing_enabled":true,"jetpack_likes_enabled":true,"amp_enabled":true,"_links":{"self":[{"href":"https:\/\/encuentroinformativo.com.mx\/index.php?rest_route=\/wp\/v2\/posts\/53898","targetHints":{"allow":["GET"]}}],"collection":[{"href":"https:\/\/encuentroinformativo.com.mx\/index.php?rest_route=\/wp\/v2\/posts"}],"about":[{"href":"https:\/\/encuentroinformativo.com.mx\/index.php?rest_route=\/wp\/v2\/types\/post"}],"author":[{"embeddable":true,"href":"https:\/\/encuentroinformativo.com.mx\/index.php?rest_route=\/wp\/v2\/users\/2476"}],"replies":[{"embeddable":true,"href":"https:\/\/encuentroinformativo.com.mx\/index.php?rest_route=%2Fwp%2Fv2%2Fcomments&post=53898"}],"version-history":[{"count":1,"href":"https:\/\/encuentroinformativo.com.mx\/index.php?rest_route=\/wp\/v2\/posts\/53898\/revisions"}],"predecessor-version":[{"id":53900,"href":"https:\/\/encuentroinformativo.com.mx\/index.php?rest_route=\/wp\/v2\/posts\/53898\/revisions\/53900"}],"wp:featuredmedia":[{"embeddable":true,"href":"https:\/\/encuentroinformativo.com.mx\/index.php?rest_route=\/wp\/v2\/media\/53899"}],"wp:attachment":[{"href":"https:\/\/encuentroinformativo.com.mx\/index.php?rest_route=%2Fwp%2Fv2%2Fmedia&parent=53898"}],"wp:term":[{"taxonomy":"category","embeddable":true,"href":"https:\/\/encuentroinformativo.com.mx\/index.php?rest_route=%2Fwp%2Fv2%2Fcategories&post=53898"},{"taxonomy":"post_tag","embeddable":true,"href":"https:\/\/encuentroinformativo.com.mx\/index.php?rest_route=%2Fwp%2Fv2%2Ftags&post=53898"}],"curies":[{"name":"wp","href":"https:\/\/api.w.org\/{rel}","templated":true}]}}