{"id":53904,"date":"2024-05-01T14:14:37","date_gmt":"2024-05-01T20:14:37","guid":{"rendered":"https:\/\/encuentroinformativo.com.mx\/?p=53904"},"modified":"2024-05-01T14:14:43","modified_gmt":"2024-05-01T20:14:43","slug":"entre-reclamos-y-pocos-espectadores-se-realizo-desfile-por-el-dia-del-trabajo","status":"publish","type":"post","link":"https:\/\/encuentroinformativo.com.mx\/?p=53904","title":{"rendered":"Entre reclamos y pocos espectadores se realiz\u00f3 desfile por el D\u00eda del Trabajo"},"content":{"rendered":"\n<p><strong>Juan Arcos <\/strong><\/p>\n\n\n\n<p>Xalapa, Ver.- Entre reclamos de la clase obrera y con un escaso n\u00famero de espectadores, se llev\u00f3 a cabo el desfile del 138 aniversario conmemorativo del D\u00eda del Trabajo en la ciudad de Xalapa.<\/p>\n\n\n\n<p>El recorrido inici\u00f3 poco antes de las nueve de la ma\u00f1ana de este primero de mayo y fue encabezado por el gobernador del estado, Cuitl\u00e1huac Garc\u00eda Jim\u00e9nez.<\/p>\n\n\n\n<p>La cifra de participantes en este desfile supera los 60 mil, cuyos contingentes comenzaron a llegar desde antes de las siete de la ma\u00f1ana.<br>Se concentraron sobre la avenida Manuel \u00c1vila Camacho y la calle \u00darsulo Galv\u00e1n para esperar su turno y caminar sobre la calle Juan de la Luz Enr\u00edquez.<\/p>\n\n\n\n<p>En esta ocasi\u00f3n, fue muy poca la presencia de familias y espectadores en el primer cuadro de la capital veracruzana para apreciar el evento.<br>La Plaza Sebasti\u00e1n Lerdo de Tejada y el parque Benito Ju\u00e1rez lucieron casi vac\u00edos en comparaci\u00f3n con otros desfiles conmemorativos.<\/p>\n\n\n\n<p>Las vallas blancas que fueron colocadas sobre la calle Enr\u00edquez tambi\u00e9n se observaron vac\u00edas, a la altura del Palacio Municipal.<\/p>\n\n\n\n<p>Algunos sindicatos magisteriales mostraron lonas y pancartas para exigir aumentos salariales, igualdad sindical y el pago de seguros institucionales.<\/p>\n\n\n\n<p>Sin embargo, tambi\u00e9n participaron vendedores fijos y semifijos, electricistas, ingenieros, as\u00ed como personal del ayuntamiento de Xalapa y de distintas dependencias.<\/p>\n\n\n\n<p>Cabe recordar que la conmemoraci\u00f3n internacional del 1\u00ba de mayo como el D\u00eda del Trabajo tiene su origen en la represi\u00f3n de una manifestaci\u00f3n obrera en Chicago, Estados Unidos, ocurrida en 1886.<\/p>\n\n\n\n<figure class=\"wp-block-image size-large\"><img loading=\"lazy\" decoding=\"async\" width=\"1024\" height=\"768\" src=\"https:\/\/encuentroinformativo.com.mx\/wp-content\/uploads\/2024\/05\/IMG_5112-1024x768.jpg\" alt=\"\" class=\"wp-image-53906\" srcset=\"https:\/\/encuentroinformativo.com.mx\/wp-content\/uploads\/2024\/05\/IMG_5112-1024x768.jpg 1024w, https:\/\/encuentroinformativo.com.mx\/wp-content\/uploads\/2024\/05\/IMG_5112-300x225.jpg 300w, https:\/\/encuentroinformativo.com.mx\/wp-content\/uploads\/2024\/05\/IMG_5112-768x576.jpg 768w, https:\/\/encuentroinformativo.com.mx\/wp-content\/uploads\/2024\/05\/IMG_5112-1536x1152.jpg 1536w, https:\/\/encuentroinformativo.com.mx\/wp-content\/uploads\/2024\/05\/IMG_5112.jpg 2016w\" sizes=\"auto, (max-width: 1024px) 100vw, 1024px\" \/><\/figure>\n","protected":false},"excerpt":{"rendered":"<p>Juan Arcos Xalapa, Ver.- Entre reclamos de la clase obrera y con un escaso n\u00famero de espectadores, se llev\u00f3 a cabo el desfile del 138 aniversario conmemorativo del D\u00eda del Trabajo en la ciudad de Xalapa. El recorrido inici\u00f3 poco antes de las nueve de la ma\u00f1ana de este primero de mayo y fue encabezado [&hellip;]<\/p>\n","protected":false},"author":2476,"featured_media":53905,"comment_status":"open","ping_status":"open","sticky":false,"template":"","format":"standard","meta":{"_jetpack_memberships_contains_paid_content":false,"footnotes":""},"categories":[3],"tags":[],"class_list":["post-53904","post","type-post","status-publish","format-standard","has-post-thumbnail","hentry","category-xalapa"],"jetpack_featured_media_url":"https:\/\/encuentroinformativo.com.mx\/wp-content\/uploads\/2024\/05\/IMG_5121.jpg","jetpack_sharing_enabled":true,"jetpack_likes_enabled":true,"amp_enabled":true,"_links":{"self":[{"href":"https:\/\/encuentroinformativo.com.mx\/index.php?rest_route=\/wp\/v2\/posts\/53904","targetHints":{"allow":["GET"]}}],"collection":[{"href":"https:\/\/encuentroinformativo.com.mx\/index.php?rest_route=\/wp\/v2\/posts"}],"about":[{"href":"https:\/\/encuentroinformativo.com.mx\/index.php?rest_route=\/wp\/v2\/types\/post"}],"author":[{"embeddable":true,"href":"https:\/\/encuentroinformativo.com.mx\/index.php?rest_route=\/wp\/v2\/users\/2476"}],"replies":[{"embeddable":true,"href":"https:\/\/encuentroinformativo.com.mx\/index.php?rest_route=%2Fwp%2Fv2%2Fcomments&post=53904"}],"version-history":[{"count":1,"href":"https:\/\/encuentroinformativo.com.mx\/index.php?rest_route=\/wp\/v2\/posts\/53904\/revisions"}],"predecessor-version":[{"id":53907,"href":"https:\/\/encuentroinformativo.com.mx\/index.php?rest_route=\/wp\/v2\/posts\/53904\/revisions\/53907"}],"wp:featuredmedia":[{"embeddable":true,"href":"https:\/\/encuentroinformativo.com.mx\/index.php?rest_route=\/wp\/v2\/media\/53905"}],"wp:attachment":[{"href":"https:\/\/encuentroinformativo.com.mx\/index.php?rest_route=%2Fwp%2Fv2%2Fmedia&parent=53904"}],"wp:term":[{"taxonomy":"category","embeddable":true,"href":"https:\/\/encuentroinformativo.com.mx\/index.php?rest_route=%2Fwp%2Fv2%2Fcategories&post=53904"},{"taxonomy":"post_tag","embeddable":true,"href":"https:\/\/encuentroinformativo.com.mx\/index.php?rest_route=%2Fwp%2Fv2%2Ftags&post=53904"}],"curies":[{"name":"wp","href":"https:\/\/api.w.org\/{rel}","templated":true}]}}