{"id":5391,"date":"2020-08-31T13:15:50","date_gmt":"2020-08-31T18:15:50","guid":{"rendered":"https:\/\/encuentroinformativo.com\/?p=5391"},"modified":"2020-08-31T13:15:54","modified_gmt":"2020-08-31T18:15:54","slug":"posponen-cadena-humana-en-parque-la-loma","status":"publish","type":"post","link":"https:\/\/encuentroinformativo.com.mx\/?p=5391","title":{"rendered":"Posponen cadena humana en parque La Loma"},"content":{"rendered":"\n<p><strong>Dar\u00edo Pale <\/strong><\/p>\n\n\n\n<p>Xalapa, Ver.- Los vecinos del parque La Loma ya no realizaron la cadena humana que hab\u00edan previsto para defender este espacio de recreaci\u00f3n, debido a que ya no se presentaron los trabajadores ni representantes de la Secretar\u00eda de la Defensa Nacional (SEDENA).<\/p>\n\n\n\n<p>Uno de los vecinos se\u00f1al\u00f3 que, &#8220;el parque fue invadido en las \u00faltimas semanas por trabajadores. Hay un \u00e1rea que ya chapearon y marcaron para la construcci\u00f3n&#8221;.<\/p>\n\n\n\n<p>Hasta ahora no habr\u00eda alguna autorizaci\u00f3n de cambio de uso suelo ante ninguna instancia, por lo que temen que alg\u00fan particular haya iniciado alg\u00fan proyecto fuera del marco de la Ley.<\/p>\n\n\n\n<p>&#8220;El primer informe que nos dieron, fue de un ingeniero de la obra, que iba a ser un cuartel de la Guardia Nacional; sin embargo hasta ahora ni Guardia Nacional, ni ayuntamiento ni el Estado han corroborado esto&#8221;, se\u00f1alaron.<\/p>\n\n\n\n<p>Un grupo de vecinos \u00a0permanecer\u00e1 de guardia en este lugar para recabar firmas con el fin de promover un juicio de amparo en defensa de los derechos de los menores y con esto se conserve el uso comunitario de este parque.<\/p>\n\n\n\n<p>Finalmente cabe se\u00f1alar que se han sumado organizaciones civiles y ambientalistas como Salvemos el Agua, Custodios del Archipi\u00e9lago, Corredores del Bosque de Niebla y el Patronato del Parque Ecol\u00f3gico Macuilt\u00e9petl.<\/p>\n\n\n\n<p><\/p>\n","protected":false},"excerpt":{"rendered":"<p>Dar\u00edo Pale Xalapa, Ver.- Los vecinos del parque La Loma ya no realizaron la cadena humana que hab\u00edan previsto para defender este espacio de recreaci\u00f3n, debido a que ya no se presentaron los trabajadores ni representantes de la Secretar\u00eda de la Defensa Nacional (SEDENA). Uno de los vecinos se\u00f1al\u00f3 que, &#8220;el parque fue invadido en [&hellip;]<\/p>\n","protected":false},"author":1,"featured_media":5392,"comment_status":"open","ping_status":"open","sticky":false,"template":"","format":"standard","meta":{"_jetpack_memberships_contains_paid_content":false,"footnotes":""},"categories":[3],"tags":[],"class_list":["post-5391","post","type-post","status-publish","format-standard","has-post-thumbnail","hentry","category-xalapa"],"jetpack_featured_media_url":"https:\/\/encuentroinformativo.com.mx\/wp-content\/uploads\/2020\/08\/301CB7EA-3DA5-4F00-9A90-FF6428564686.jpeg","jetpack_sharing_enabled":true,"jetpack_likes_enabled":true,"amp_enabled":true,"_links":{"self":[{"href":"https:\/\/encuentroinformativo.com.mx\/index.php?rest_route=\/wp\/v2\/posts\/5391","targetHints":{"allow":["GET"]}}],"collection":[{"href":"https:\/\/encuentroinformativo.com.mx\/index.php?rest_route=\/wp\/v2\/posts"}],"about":[{"href":"https:\/\/encuentroinformativo.com.mx\/index.php?rest_route=\/wp\/v2\/types\/post"}],"author":[{"embeddable":true,"href":"https:\/\/encuentroinformativo.com.mx\/index.php?rest_route=\/wp\/v2\/users\/1"}],"replies":[{"embeddable":true,"href":"https:\/\/encuentroinformativo.com.mx\/index.php?rest_route=%2Fwp%2Fv2%2Fcomments&post=5391"}],"version-history":[{"count":1,"href":"https:\/\/encuentroinformativo.com.mx\/index.php?rest_route=\/wp\/v2\/posts\/5391\/revisions"}],"predecessor-version":[{"id":5393,"href":"https:\/\/encuentroinformativo.com.mx\/index.php?rest_route=\/wp\/v2\/posts\/5391\/revisions\/5393"}],"wp:featuredmedia":[{"embeddable":true,"href":"https:\/\/encuentroinformativo.com.mx\/index.php?rest_route=\/wp\/v2\/media\/5392"}],"wp:attachment":[{"href":"https:\/\/encuentroinformativo.com.mx\/index.php?rest_route=%2Fwp%2Fv2%2Fmedia&parent=5391"}],"wp:term":[{"taxonomy":"category","embeddable":true,"href":"https:\/\/encuentroinformativo.com.mx\/index.php?rest_route=%2Fwp%2Fv2%2Fcategories&post=5391"},{"taxonomy":"post_tag","embeddable":true,"href":"https:\/\/encuentroinformativo.com.mx\/index.php?rest_route=%2Fwp%2Fv2%2Ftags&post=5391"}],"curies":[{"name":"wp","href":"https:\/\/api.w.org\/{rel}","templated":true}]}}