{"id":53914,"date":"2024-05-01T14:25:25","date_gmt":"2024-05-01T20:25:25","guid":{"rendered":"https:\/\/encuentroinformativo.com.mx\/?p=53914"},"modified":"2024-05-01T14:25:29","modified_gmt":"2024-05-01T20:25:29","slug":"docentes-de-teba-reclaman-apertura-de-tiempo-completo","status":"publish","type":"post","link":"https:\/\/encuentroinformativo.com.mx\/?p=53914","title":{"rendered":"Docentes de Teba reclaman apertura de &#8220;tiempo completo&#8221;"},"content":{"rendered":"\n<p><strong>Juan Arcos <\/strong><\/p>\n\n\n\n<p>Xalapa, Ver.- Pablo S\u00e1nchez Hern\u00e1ndez, secretario de Organizaci\u00f3n del Sindicato Integrador de la Educaci\u00f3n en Veracruz (SIEV), protest\u00f3 durante el desfile conmemorativo del D\u00eda del Trabajo, en Xalapa, para exigir la apertura de tiempos completos para docentes de telebachillerato.<\/p>\n\n\n\n<p>\u201cLos maestros de telebachillerato exigimos se abran las categor\u00edas de tiempo completo (tengo 35 a\u00f1os de servicio y maestr\u00eda\u201d, se le\u00eda en su cartulina color naranja fosforescente.<\/p>\n\n\n\n<p>El entrevistado detall\u00f3 que lleva 35 a\u00f1os de servicio y necesita jubilarse con un mejor salario. La petici\u00f3n se ha planteado de manera formal a las autoridades pero hasta el momento no hay una respuesta favorable.<\/p>\n\n\n\n<p>\u201cLos maestros de telebachillerato no tenemos los tiempos completos, los compa\u00f1eros de DGB, CBETI, CBETA, ellos s\u00ed ganan bien y est\u00e1n preparados. Aqu\u00ed tambi\u00e9n, yo soy un maestro que tiene 35 a\u00f1os de servicio, tengo maestr\u00eda y entonces yo tengo mi cartera que se llama, mi categor\u00eda se llama tres cuartos de tiempo asociado C, falta que se abran las tres de tiempo completo, tiempo completo A, tiempo completo B y tiempo completo C\u201d, indic\u00f3.<\/p>\n\n\n\n<p>El docente entreg\u00f3 un oficio al gobernador Cuitl\u00e1huac Garc\u00eda Jim\u00e9nez, pero sigue a la espera de una contestaci\u00f3n positiva.<\/p>\n\n\n\n<p>\u201cNecesito que se abran los tiempos completos porque me faltan cinco a\u00f1os para jubilarme, me voy a jubilar con 40 a\u00f1os de servicio porque estoy esperando que cuando yo sea adulto mayor pueda comer carne, frijoles, arroz, pescado y muy buena alimentaci\u00f3n\u201d, a\u00f1adi\u00f3.<\/p>\n\n\n\n<p>Adem\u00e1s, consider\u00f3 que se est\u00e1 gastando dinero el dinero p\u00fablico en campa\u00f1as electorales y otras cosas, en lugar de invertir en la educaci\u00f3n.<\/p>\n\n\n\n<p>\u201cMe respondieron que no hab\u00eda dinero, que no hab\u00eda presupuesto, entonces yo le dije presupuesto que para la educaci\u00f3n no, pero s\u00ed para comprar camionetas y para hacer campa\u00f1as\u201d, enfatiz\u00f3.<\/p>\n","protected":false},"excerpt":{"rendered":"<p>Juan Arcos Xalapa, Ver.- Pablo S\u00e1nchez Hern\u00e1ndez, secretario de Organizaci\u00f3n del Sindicato Integrador de la Educaci\u00f3n en Veracruz (SIEV), protest\u00f3 durante el desfile conmemorativo del D\u00eda del Trabajo, en Xalapa, para exigir la apertura de tiempos completos para docentes de telebachillerato. \u201cLos maestros de telebachillerato exigimos se abran las categor\u00edas de tiempo completo (tengo 35 [&hellip;]<\/p>\n","protected":false},"author":2476,"featured_media":53915,"comment_status":"open","ping_status":"open","sticky":false,"template":"","format":"standard","meta":{"_jetpack_memberships_contains_paid_content":false,"footnotes":""},"categories":[3],"tags":[],"class_list":["post-53914","post","type-post","status-publish","format-standard","has-post-thumbnail","hentry","category-xalapa"],"jetpack_featured_media_url":"https:\/\/encuentroinformativo.com.mx\/wp-content\/uploads\/2024\/05\/3cf28767-b87b-43ac-80ec-9d0c832a43e52.jpg","jetpack_sharing_enabled":true,"jetpack_likes_enabled":true,"amp_enabled":true,"_links":{"self":[{"href":"https:\/\/encuentroinformativo.com.mx\/index.php?rest_route=\/wp\/v2\/posts\/53914","targetHints":{"allow":["GET"]}}],"collection":[{"href":"https:\/\/encuentroinformativo.com.mx\/index.php?rest_route=\/wp\/v2\/posts"}],"about":[{"href":"https:\/\/encuentroinformativo.com.mx\/index.php?rest_route=\/wp\/v2\/types\/post"}],"author":[{"embeddable":true,"href":"https:\/\/encuentroinformativo.com.mx\/index.php?rest_route=\/wp\/v2\/users\/2476"}],"replies":[{"embeddable":true,"href":"https:\/\/encuentroinformativo.com.mx\/index.php?rest_route=%2Fwp%2Fv2%2Fcomments&post=53914"}],"version-history":[{"count":1,"href":"https:\/\/encuentroinformativo.com.mx\/index.php?rest_route=\/wp\/v2\/posts\/53914\/revisions"}],"predecessor-version":[{"id":53916,"href":"https:\/\/encuentroinformativo.com.mx\/index.php?rest_route=\/wp\/v2\/posts\/53914\/revisions\/53916"}],"wp:featuredmedia":[{"embeddable":true,"href":"https:\/\/encuentroinformativo.com.mx\/index.php?rest_route=\/wp\/v2\/media\/53915"}],"wp:attachment":[{"href":"https:\/\/encuentroinformativo.com.mx\/index.php?rest_route=%2Fwp%2Fv2%2Fmedia&parent=53914"}],"wp:term":[{"taxonomy":"category","embeddable":true,"href":"https:\/\/encuentroinformativo.com.mx\/index.php?rest_route=%2Fwp%2Fv2%2Fcategories&post=53914"},{"taxonomy":"post_tag","embeddable":true,"href":"https:\/\/encuentroinformativo.com.mx\/index.php?rest_route=%2Fwp%2Fv2%2Ftags&post=53914"}],"curies":[{"name":"wp","href":"https:\/\/api.w.org\/{rel}","templated":true}]}}