{"id":53920,"date":"2024-05-01T14:33:13","date_gmt":"2024-05-01T20:33:13","guid":{"rendered":"https:\/\/encuentroinformativo.com.mx\/?p=53920"},"modified":"2024-05-01T14:33:19","modified_gmt":"2024-05-01T20:33:19","slug":"sin-registros-de-muertes-por-calor-salud","status":"publish","type":"post","link":"https:\/\/encuentroinformativo.com.mx\/?p=53920","title":{"rendered":"Sin registros de muertes por calor: Salud"},"content":{"rendered":"\n<p><strong>Dar\u00edo Pale <\/strong><\/p>\n\n\n\n<p>Xalapa, Ver.- La secretaria de salud Guadalupe D\u00edaz del Castillo, asegur\u00f3 que hasta este momento no hay registro de ninguna muerte por calor, esto luego de que el a\u00f1o pasado se registraran 31 fallecimientos por golpe de calor en la entidad.<\/p>\n\n\n\n<p>En entrevista, la funcionaria record\u00f3 que el a\u00f1o pasado se registr\u00f3 una intensa ola de calor que se sinti\u00f3 m\u00e1s en algunos municipios de la Cuenca del Papaloapan.<\/p>\n\n\n\n<p>&#8220;Que fue la mayor cantidad de defunciones asociadas a temperaturas extremas presentamos&#8221;, se\u00f1al\u00f3.<\/p>\n\n\n\n<p>&#8220;Este a\u00f1o, al momento no ha ocurrido ninguna defunci\u00f3n, pero todav\u00eda estamos con las medidas preventivas&#8221;, agreg\u00f3.<\/p>\n\n\n\n<p>Esquiv\u00f3 dar la cifra de fallecimientos del 2023, pero los datos p\u00fablicos indican que fueron 31, de esos, 27 fueron hombres y cuatro mujeres de entre 29 y 95 a\u00f1os.<\/p>\n\n\n\n<p>Dijo que lo importante no era sacar los titulares con &#8220;tantas muertes&#8221; sino dar a conocer las medidas preventivas hacia la poblaci\u00f3n.<\/p>\n\n\n\n<p>En ese sentido, recomend\u00f3 mantenerse bien hidratados, evitar la exposici\u00f3n directa a los rayos de sol entre las 11 y las 16:00 horas.<\/p>\n\n\n\n<p>Asimismo, usar manga larga, gorro, entre otros, pero sobre todo, ante cualquier s\u00edntoma como palpitaciones, sudoraci\u00f3n excesiva, mareos acudir a una unidad de salud.<\/p>\n\n\n\n<p>En otro tema, sobre los casos de dengue, la secretaria afirm\u00f3 que el aumento en los casos de dengue no es una situaci\u00f3n exclusiva para Veracruz, sino de todo Am\u00e9rica Latina y el mundo.<\/p>\n\n\n\n<p>Por ello, resalt\u00f3 que este jueves habr\u00e1 jornadas de descacharrizaci\u00f3n masiva para evitar la acumulaci\u00f3n masiva de mosquitos.<\/p>\n\n\n\n<p>Detall\u00f3 que dichas jornadas ser\u00e1n en Veracruz, Cosamaloapan, P\u00e1nuco, entre otros que tienen mayor n\u00famero de casos.<\/p>\n\n\n\n<p>Por \u00faltimo agreg\u00f3 que el viernes por la noche habr\u00e1 fumigaciones de forma intensiva.<\/p>\n","protected":false},"excerpt":{"rendered":"<p>Dar\u00edo Pale Xalapa, Ver.- La secretaria de salud Guadalupe D\u00edaz del Castillo, asegur\u00f3 que hasta este momento no hay registro de ninguna muerte por calor, esto luego de que el a\u00f1o pasado se registraran 31 fallecimientos por golpe de calor en la entidad. En entrevista, la funcionaria record\u00f3 que el a\u00f1o pasado se registr\u00f3 una [&hellip;]<\/p>\n","protected":false},"author":2476,"featured_media":53921,"comment_status":"open","ping_status":"open","sticky":false,"template":"","format":"standard","meta":{"_jetpack_memberships_contains_paid_content":false,"footnotes":""},"categories":[9],"tags":[],"class_list":["post-53920","post","type-post","status-publish","format-standard","has-post-thumbnail","hentry","category-salud"],"jetpack_featured_media_url":"https:\/\/encuentroinformativo.com.mx\/wp-content\/uploads\/2024\/05\/IMG-20240501-WA0106.jpg","jetpack_sharing_enabled":true,"jetpack_likes_enabled":true,"amp_enabled":true,"_links":{"self":[{"href":"https:\/\/encuentroinformativo.com.mx\/index.php?rest_route=\/wp\/v2\/posts\/53920","targetHints":{"allow":["GET"]}}],"collection":[{"href":"https:\/\/encuentroinformativo.com.mx\/index.php?rest_route=\/wp\/v2\/posts"}],"about":[{"href":"https:\/\/encuentroinformativo.com.mx\/index.php?rest_route=\/wp\/v2\/types\/post"}],"author":[{"embeddable":true,"href":"https:\/\/encuentroinformativo.com.mx\/index.php?rest_route=\/wp\/v2\/users\/2476"}],"replies":[{"embeddable":true,"href":"https:\/\/encuentroinformativo.com.mx\/index.php?rest_route=%2Fwp%2Fv2%2Fcomments&post=53920"}],"version-history":[{"count":1,"href":"https:\/\/encuentroinformativo.com.mx\/index.php?rest_route=\/wp\/v2\/posts\/53920\/revisions"}],"predecessor-version":[{"id":53922,"href":"https:\/\/encuentroinformativo.com.mx\/index.php?rest_route=\/wp\/v2\/posts\/53920\/revisions\/53922"}],"wp:featuredmedia":[{"embeddable":true,"href":"https:\/\/encuentroinformativo.com.mx\/index.php?rest_route=\/wp\/v2\/media\/53921"}],"wp:attachment":[{"href":"https:\/\/encuentroinformativo.com.mx\/index.php?rest_route=%2Fwp%2Fv2%2Fmedia&parent=53920"}],"wp:term":[{"taxonomy":"category","embeddable":true,"href":"https:\/\/encuentroinformativo.com.mx\/index.php?rest_route=%2Fwp%2Fv2%2Fcategories&post=53920"},{"taxonomy":"post_tag","embeddable":true,"href":"https:\/\/encuentroinformativo.com.mx\/index.php?rest_route=%2Fwp%2Fv2%2Ftags&post=53920"}],"curies":[{"name":"wp","href":"https:\/\/api.w.org\/{rel}","templated":true}]}}