{"id":53923,"date":"2024-05-01T15:12:11","date_gmt":"2024-05-01T21:12:11","guid":{"rendered":"https:\/\/encuentroinformativo.com.mx\/?p=53923"},"modified":"2024-05-01T15:12:17","modified_gmt":"2024-05-01T21:12:17","slug":"promete-gobernador-recibir-a-familiares-de-periodistas-asesinados","status":"publish","type":"post","link":"https:\/\/encuentroinformativo.com.mx\/?p=53923","title":{"rendered":"Promete Gobernador recibir a familiares de periodistas asesinados"},"content":{"rendered":"\n<p><strong>Dar\u00edo Pale <\/strong><\/p>\n\n\n\n<p>Xalapa, Ver.- Durante la protesta que este 1 de mayo realizaron hijos de periodistas asesinados, el gobernador Cuitl\u00e1huac Garc\u00eda Jim\u00e9nez, se comprometi\u00f3 a recibirlos antes del 15 de mayo.<\/p>\n\n\n\n<p>El hijo de Mois\u00e9s S\u00e1nchez, periodista asesinado hace 8 a\u00f1os, Jorge S\u00e1nchez, exigi\u00f3 justicia al Ejecutivo frente al palco mientras se llevaba a cabo el desfile del 1 de mayo.<\/p>\n\n\n\n<p>Ah\u00ed le expres\u00f3 al Mandatario que este d\u00eda su manifestaci\u00f3n era porque ellos quieren que M\u00e9xico sea un lugar mejor.<\/p>\n\n\n\n<p>&#8220;Queremos que haya justicia para los periodistas asesinados, que haya atenci\u00f3n a las familias&#8221;, reclam\u00f3 Jorge S\u00e1nchez.<\/p>\n\n\n\n<p>Ah\u00ed mismo denunci\u00f3 que el director de Pol\u00edtica Regional lo amenaz\u00f3 para que no protestara y le pidi\u00f3 al Gobernador que por favor revisara ese tema.<\/p>\n\n\n\n<p>Fue as\u00ed que le insisti\u00f3 en que les diera una fecha de audiencia y el Ejecutivo le respondi\u00f3 que antes del 15 de mayo los recibir\u00e1.<\/p>\n\n\n\n<figure class=\"wp-block-image size-large\"><img loading=\"lazy\" decoding=\"async\" width=\"1024\" height=\"768\" src=\"https:\/\/encuentroinformativo.com.mx\/wp-content\/uploads\/2024\/05\/IMG-20240501-WA0057-1024x768.jpg\" alt=\"\" class=\"wp-image-53925\" srcset=\"https:\/\/encuentroinformativo.com.mx\/wp-content\/uploads\/2024\/05\/IMG-20240501-WA0057-1024x768.jpg 1024w, https:\/\/encuentroinformativo.com.mx\/wp-content\/uploads\/2024\/05\/IMG-20240501-WA0057-300x225.jpg 300w, https:\/\/encuentroinformativo.com.mx\/wp-content\/uploads\/2024\/05\/IMG-20240501-WA0057-768x576.jpg 768w, https:\/\/encuentroinformativo.com.mx\/wp-content\/uploads\/2024\/05\/IMG-20240501-WA0057-1536x1152.jpg 1536w, https:\/\/encuentroinformativo.com.mx\/wp-content\/uploads\/2024\/05\/IMG-20240501-WA0057.jpg 1600w\" sizes=\"auto, (max-width: 1024px) 100vw, 1024px\" \/><\/figure>\n","protected":false},"excerpt":{"rendered":"<p>Dar\u00edo Pale Xalapa, Ver.- Durante la protesta que este 1 de mayo realizaron hijos de periodistas asesinados, el gobernador Cuitl\u00e1huac Garc\u00eda Jim\u00e9nez, se comprometi\u00f3 a recibirlos antes del 15 de mayo. El hijo de Mois\u00e9s S\u00e1nchez, periodista asesinado hace 8 a\u00f1os, Jorge S\u00e1nchez, exigi\u00f3 justicia al Ejecutivo frente al palco mientras se llevaba a cabo [&hellip;]<\/p>\n","protected":false},"author":2476,"featured_media":53924,"comment_status":"open","ping_status":"open","sticky":false,"template":"","format":"standard","meta":{"_jetpack_memberships_contains_paid_content":false,"footnotes":""},"categories":[2],"tags":[],"class_list":["post-53923","post","type-post","status-publish","format-standard","has-post-thumbnail","hentry","category-estado"],"jetpack_featured_media_url":"https:\/\/encuentroinformativo.com.mx\/wp-content\/uploads\/2024\/05\/IMG-20240501-WA0118-scaled.jpg","jetpack_sharing_enabled":true,"jetpack_likes_enabled":true,"amp_enabled":true,"_links":{"self":[{"href":"https:\/\/encuentroinformativo.com.mx\/index.php?rest_route=\/wp\/v2\/posts\/53923","targetHints":{"allow":["GET"]}}],"collection":[{"href":"https:\/\/encuentroinformativo.com.mx\/index.php?rest_route=\/wp\/v2\/posts"}],"about":[{"href":"https:\/\/encuentroinformativo.com.mx\/index.php?rest_route=\/wp\/v2\/types\/post"}],"author":[{"embeddable":true,"href":"https:\/\/encuentroinformativo.com.mx\/index.php?rest_route=\/wp\/v2\/users\/2476"}],"replies":[{"embeddable":true,"href":"https:\/\/encuentroinformativo.com.mx\/index.php?rest_route=%2Fwp%2Fv2%2Fcomments&post=53923"}],"version-history":[{"count":1,"href":"https:\/\/encuentroinformativo.com.mx\/index.php?rest_route=\/wp\/v2\/posts\/53923\/revisions"}],"predecessor-version":[{"id":53926,"href":"https:\/\/encuentroinformativo.com.mx\/index.php?rest_route=\/wp\/v2\/posts\/53923\/revisions\/53926"}],"wp:featuredmedia":[{"embeddable":true,"href":"https:\/\/encuentroinformativo.com.mx\/index.php?rest_route=\/wp\/v2\/media\/53924"}],"wp:attachment":[{"href":"https:\/\/encuentroinformativo.com.mx\/index.php?rest_route=%2Fwp%2Fv2%2Fmedia&parent=53923"}],"wp:term":[{"taxonomy":"category","embeddable":true,"href":"https:\/\/encuentroinformativo.com.mx\/index.php?rest_route=%2Fwp%2Fv2%2Fcategories&post=53923"},{"taxonomy":"post_tag","embeddable":true,"href":"https:\/\/encuentroinformativo.com.mx\/index.php?rest_route=%2Fwp%2Fv2%2Ftags&post=53923"}],"curies":[{"name":"wp","href":"https:\/\/api.w.org\/{rel}","templated":true}]}}