{"id":53933,"date":"2024-05-01T15:10:27","date_gmt":"2024-05-01T21:10:27","guid":{"rendered":"https:\/\/encuentroinformativo.com.mx\/?p=53933"},"modified":"2024-05-01T16:15:43","modified_gmt":"2024-05-01T22:15:43","slug":"sigamos-fortaleciendo-la-sinergia-entre-trabajadores-y-gobiernos-de-la-4t-eleazar-guerrero-perez","status":"publish","type":"post","link":"https:\/\/encuentroinformativo.com.mx\/?p=53933","title":{"rendered":"&#8220;Sigamos fortaleciendo la sinergia entre trabajadores y gobiernos de la 4T&#8221;: Eleazar Guerrero P\u00e9rez"},"content":{"rendered":"\n<p><strong>* Participa la Expresi\u00f3n Ciudadana Unidos Todos en desfile del 1 de mayo.<br>* Reformas benefician a trabajadores.<\/strong><\/p>\n\n\n\n<p>Xalapa, Ver.- Con una alegre y nutrida participaci\u00f3n, la expresi\u00f3n ciudadana Unidos Todos particip\u00f3 en el tradicional desfile que se realiza en la celebraci\u00f3n del D\u00eda del Trabajo.<\/p>\n\n\n\n<p>Poco m\u00e1s de 5 mil simpatizantes e integrantes de la fuerza trabajadora que integra Unidos Todos, formaron parte de esta gran fiesta de las y los veracruzanos, desfilando por las c\u00e9ntricas calles de la capital de estado, manifestando tambi\u00e9n su alegr\u00eda por las cosas importantes que han sucedido con esta Cuarta Transformaci\u00f3n.<\/p>\n\n\n\n<p>Dentro de esta celebraci\u00f3n, estuvo presente el maestro Eleazar Guerrero P\u00e9rez quien junto con compa\u00f1eros trabajadores tambi\u00e9n marcho y se complacido por las reformas que en materia laboral se han planteado desde el gobierno federal para beneficio de la clase trabajadora, en especial aquella referida al tema de pensiones.<\/p>\n\n\n\n<p>Guerrero P\u00e9rez subray\u00f3 que lo que esta reforma pretende es recobrar esos recursos que tiene la banca privada, de los cuales solo ella se beneficia siendo de los trabajadores que no reciben inter\u00e9s alguno.<br>\u201cEntonces con esta reforma, hoy esos recursos se va a un fondo que a servir para que a partir de esta ley quien se jubile reciba el 100% de su salario con el que se jubil\u00f3\u201d, dijo.<\/p>\n\n\n\n<p>Consider\u00f3 que esto no hab\u00eda pasado en pa\u00eds y es motivo de felicidad, pero afirm\u00f3 que hay que seguir fortaleciendo la sinergia que existe entre los trabajadores y los gobiernos de la Cuarta Transformaci\u00f3n.<\/p>\n\n\n\n<p>Por \u00faltimo, el tambi\u00e9n trabajador por Veracruz y candidato a la diputaci\u00f3n federal, aprovech\u00f3 para saludar a las y los trabajadores dici\u00e9ndoles que adem\u00e1s de esta ley, las reformas constitucionales que el presidentes Andr\u00e9s Manuel L\u00f3pez Obrador envi\u00f3 al Congreso son para garantizar que el salario m\u00ednimo siempre aumente por arriba de la inflaci\u00f3n, siendo esto siempre en beneficio de la ciudadan\u00eda, finaliz\u00f3.<\/p>\n\n\n\n<figure class=\"wp-block-image size-large\"><img loading=\"lazy\" decoding=\"async\" width=\"1024\" height=\"478\" src=\"https:\/\/encuentroinformativo.com.mx\/wp-content\/uploads\/2024\/05\/IMG-20240501-WA0160-1024x478.jpg\" alt=\"\" class=\"wp-image-53935\" srcset=\"https:\/\/encuentroinformativo.com.mx\/wp-content\/uploads\/2024\/05\/IMG-20240501-WA0160-1024x478.jpg 1024w, https:\/\/encuentroinformativo.com.mx\/wp-content\/uploads\/2024\/05\/IMG-20240501-WA0160-300x140.jpg 300w, https:\/\/encuentroinformativo.com.mx\/wp-content\/uploads\/2024\/05\/IMG-20240501-WA0160-768x359.jpg 768w, https:\/\/encuentroinformativo.com.mx\/wp-content\/uploads\/2024\/05\/IMG-20240501-WA0160-1536x717.jpg 1536w, https:\/\/encuentroinformativo.com.mx\/wp-content\/uploads\/2024\/05\/IMG-20240501-WA0160-2048x956.jpg 2048w\" sizes=\"auto, (max-width: 1024px) 100vw, 1024px\" \/><\/figure>\n","protected":false},"excerpt":{"rendered":"<p>* Participa la Expresi\u00f3n Ciudadana Unidos Todos en desfile del 1 de mayo.* Reformas benefician a trabajadores. Xalapa, Ver.- Con una alegre y nutrida participaci\u00f3n, la expresi\u00f3n ciudadana Unidos Todos particip\u00f3 en el tradicional desfile que se realiza en la celebraci\u00f3n del D\u00eda del Trabajo. Poco m\u00e1s de 5 mil simpatizantes e integrantes de la [&hellip;]<\/p>\n","protected":false},"author":2476,"featured_media":53934,"comment_status":"open","ping_status":"open","sticky":false,"template":"","format":"standard","meta":{"_jetpack_memberships_contains_paid_content":false,"footnotes":""},"categories":[3],"tags":[],"class_list":["post-53933","post","type-post","status-publish","format-standard","has-post-thumbnail","hentry","category-xalapa"],"jetpack_featured_media_url":"https:\/\/encuentroinformativo.com.mx\/wp-content\/uploads\/2024\/05\/IMG-20240501-WA0158-scaled.jpg","jetpack_sharing_enabled":true,"jetpack_likes_enabled":true,"amp_enabled":true,"_links":{"self":[{"href":"https:\/\/encuentroinformativo.com.mx\/index.php?rest_route=\/wp\/v2\/posts\/53933","targetHints":{"allow":["GET"]}}],"collection":[{"href":"https:\/\/encuentroinformativo.com.mx\/index.php?rest_route=\/wp\/v2\/posts"}],"about":[{"href":"https:\/\/encuentroinformativo.com.mx\/index.php?rest_route=\/wp\/v2\/types\/post"}],"author":[{"embeddable":true,"href":"https:\/\/encuentroinformativo.com.mx\/index.php?rest_route=\/wp\/v2\/users\/2476"}],"replies":[{"embeddable":true,"href":"https:\/\/encuentroinformativo.com.mx\/index.php?rest_route=%2Fwp%2Fv2%2Fcomments&post=53933"}],"version-history":[{"count":1,"href":"https:\/\/encuentroinformativo.com.mx\/index.php?rest_route=\/wp\/v2\/posts\/53933\/revisions"}],"predecessor-version":[{"id":53936,"href":"https:\/\/encuentroinformativo.com.mx\/index.php?rest_route=\/wp\/v2\/posts\/53933\/revisions\/53936"}],"wp:featuredmedia":[{"embeddable":true,"href":"https:\/\/encuentroinformativo.com.mx\/index.php?rest_route=\/wp\/v2\/media\/53934"}],"wp:attachment":[{"href":"https:\/\/encuentroinformativo.com.mx\/index.php?rest_route=%2Fwp%2Fv2%2Fmedia&parent=53933"}],"wp:term":[{"taxonomy":"category","embeddable":true,"href":"https:\/\/encuentroinformativo.com.mx\/index.php?rest_route=%2Fwp%2Fv2%2Fcategories&post=53933"},{"taxonomy":"post_tag","embeddable":true,"href":"https:\/\/encuentroinformativo.com.mx\/index.php?rest_route=%2Fwp%2Fv2%2Ftags&post=53933"}],"curies":[{"name":"wp","href":"https:\/\/api.w.org\/{rel}","templated":true}]}}