{"id":53937,"date":"2024-05-01T13:10:24","date_gmt":"2024-05-01T19:10:24","guid":{"rendered":"https:\/\/encuentroinformativo.com.mx\/?p=53937"},"modified":"2024-05-01T16:14:25","modified_gmt":"2024-05-01T22:14:25","slug":"ex-sindicalizados-del-sas-marchan-en-el-dia-del-trabajo-y-reclaman-justicia","status":"publish","type":"post","link":"https:\/\/encuentroinformativo.com.mx\/?p=53937","title":{"rendered":"Ex sindicalizados del SAS marchan en el D\u00eda del Trabajo y reclaman justicia"},"content":{"rendered":"\n<p><strong>Alejandro \u00c1vila<\/strong><\/p>\n\n\n\n<p>Veracruz, Ver.- Ex trabajadores del Sistema de Agua y Saneamiento (SAS) Metropolitano, marcharon la ma\u00f1ana de este mi\u00e9rcoles 1 de mayo, D\u00eda del Trabajo, por las calles del puerto de Veracruz donde reclamaron la traici\u00f3n de los partidos Morena y Verde Ecologista.<\/p>\n\n\n\n<p>En una larga caminata desde la ex sede del SAS en la calle Col\u00f3n, pasando por la avenida Salvador D\u00edaz Mir\u00f3n, y culminando el Z\u00f3calo de Veracruz; la l\u00edder, Ang\u00e9lica Navarrete, inst\u00f3 a reflexionar el voto y no volver a creer en la traici\u00f3n de Morena el Verde Ecologista.<\/p>\n\n\n\n<p>&#8220;Por eso hay que reflexionar bien por quien vamos a votar, nuestras conciencias no tienen precio. S\u00ed nos han buscado, pero nosotros no vamos a hacer nada hasta que no se haga justicia a los trabajadores y a los usuarios de los 3 municipios, y menos vamos a creer en un gobierno traidor, mentiroso, un gobierno farsante como el del alcalde de Medell\u00edn, hoy est\u00e1 con licencia porque el muy c\u00ednico, el muy sinverg\u00fcenza pretende ser diputado plurinominal por Medell\u00edn. Y tampoco vamos a ser c\u00f3mplices de otro que Morena, trae como cree Morena que nosotros vamos a votar por esos corruptos&#8221;, expuso ante sus agremiados.<\/p>\n\n\n\n<p>Los ex trabajadores del SAS Metropolitano llevan esperando casi 10 a\u00f1os que se resuelva su situaci\u00f3n laboral y despido injustificado del que fueron objeto, cuando desaparecieron la empresa para entregar la concesi\u00f3n de agua a Grupo MAS.<\/p>\n","protected":false},"excerpt":{"rendered":"<p>Alejandro \u00c1vila Veracruz, Ver.- Ex trabajadores del Sistema de Agua y Saneamiento (SAS) Metropolitano, marcharon la ma\u00f1ana de este mi\u00e9rcoles 1 de mayo, D\u00eda del Trabajo, por las calles del puerto de Veracruz donde reclamaron la traici\u00f3n de los partidos Morena y Verde Ecologista. En una larga caminata desde la ex sede del SAS en [&hellip;]<\/p>\n","protected":false},"author":2476,"featured_media":53938,"comment_status":"open","ping_status":"open","sticky":false,"template":"","format":"standard","meta":{"_jetpack_memberships_contains_paid_content":false,"footnotes":""},"categories":[2],"tags":[],"class_list":["post-53937","post","type-post","status-publish","format-standard","has-post-thumbnail","hentry","category-estado"],"jetpack_featured_media_url":"https:\/\/encuentroinformativo.com.mx\/wp-content\/uploads\/2024\/05\/IMG-20240501-WA01622.jpg","jetpack_sharing_enabled":true,"jetpack_likes_enabled":true,"amp_enabled":true,"_links":{"self":[{"href":"https:\/\/encuentroinformativo.com.mx\/index.php?rest_route=\/wp\/v2\/posts\/53937","targetHints":{"allow":["GET"]}}],"collection":[{"href":"https:\/\/encuentroinformativo.com.mx\/index.php?rest_route=\/wp\/v2\/posts"}],"about":[{"href":"https:\/\/encuentroinformativo.com.mx\/index.php?rest_route=\/wp\/v2\/types\/post"}],"author":[{"embeddable":true,"href":"https:\/\/encuentroinformativo.com.mx\/index.php?rest_route=\/wp\/v2\/users\/2476"}],"replies":[{"embeddable":true,"href":"https:\/\/encuentroinformativo.com.mx\/index.php?rest_route=%2Fwp%2Fv2%2Fcomments&post=53937"}],"version-history":[{"count":1,"href":"https:\/\/encuentroinformativo.com.mx\/index.php?rest_route=\/wp\/v2\/posts\/53937\/revisions"}],"predecessor-version":[{"id":53939,"href":"https:\/\/encuentroinformativo.com.mx\/index.php?rest_route=\/wp\/v2\/posts\/53937\/revisions\/53939"}],"wp:featuredmedia":[{"embeddable":true,"href":"https:\/\/encuentroinformativo.com.mx\/index.php?rest_route=\/wp\/v2\/media\/53938"}],"wp:attachment":[{"href":"https:\/\/encuentroinformativo.com.mx\/index.php?rest_route=%2Fwp%2Fv2%2Fmedia&parent=53937"}],"wp:term":[{"taxonomy":"category","embeddable":true,"href":"https:\/\/encuentroinformativo.com.mx\/index.php?rest_route=%2Fwp%2Fv2%2Fcategories&post=53937"},{"taxonomy":"post_tag","embeddable":true,"href":"https:\/\/encuentroinformativo.com.mx\/index.php?rest_route=%2Fwp%2Fv2%2Ftags&post=53937"}],"curies":[{"name":"wp","href":"https:\/\/api.w.org\/{rel}","templated":true}]}}