{"id":53941,"date":"2024-05-01T19:11:08","date_gmt":"2024-05-02T01:11:08","guid":{"rendered":"https:\/\/encuentroinformativo.com.mx\/?p=53941"},"modified":"2024-05-01T19:11:13","modified_gmt":"2024-05-02T01:11:13","slug":"americo-lo-hace-de-nuevo-organiza-otro-debate-ciudadano","status":"publish","type":"post","link":"https:\/\/encuentroinformativo.com.mx\/?p=53941","title":{"rendered":"Am\u00e9rico lo hace de nuevo; organiza otro debate ciudadano"},"content":{"rendered":"\n<p><strong>*Ciudadanos acudieron a plantear dudas e inquietudes en el D\u00eda del Trabajo.<\/strong><\/p>\n\n\n\n<p>Xalapa, Ver.- Al destacar en el D\u00eda del Trabajo que Veracruz ha participado en la construcci\u00f3n de las instituciones que defienden el Art\u00edculo Quinto constitucional y el 123, Am\u00e9rico Z\u00fa\u00f1iga Mart\u00ednez, candidato a la diputaci\u00f3n federal por Xalapa, realiz\u00f3 otro debate ciudadano.<\/p>\n\n\n\n<p>En el centro de la ciudad, acompa\u00f1ado de su compa\u00f1ero de f\u00f3rmula, el candidato suplente Rom\u00e1n Moreno, el abanderado coloc\u00f3 una mesa y sillas para atender a los ciudadanos y trabajadores, quienes le expusieron sus inquietudes, as\u00ed como sus muestras de apoyo.<\/p>\n\n\n\n<p>Al recordar que el INE no organiz\u00f3 ning\u00fan debate por la falta de voluntad de sus contrincantes, indic\u00f3 que \u00e9l realiza un acercamiento directo con las y los xalape\u00f1os.<\/p>\n\n\n\n<p>Z\u00fa\u00f1iga Mart\u00ednez expuso que la mejor forma de conmemorar el trabajo es impuls\u00e1ndolo. &#8220;Estoy convencido que la mejor pol\u00edtica social es que cada persona tenga un empleo&#8221;.<\/p>\n\n\n\n<p>Por eso subray\u00f3 que como diputado promover\u00e1 cr\u00e9ditos para emprendedores, incentivos para contrataci\u00f3n de j\u00f3venes, mujeres y personas con discapacidad. &#8220;Vamos a destinar presupuesto, recursos para que m\u00e1s xalape\u00f1as y xalape\u00f1os se capaciten y ganen m\u00e1s&#8221;.<\/p>\n\n\n\n<p>Am\u00e9rico Z\u00fa\u00f1iga manifest\u00f3 que se debe invertir en innovaci\u00f3n, en tecnolog\u00eda, en comercio electr\u00f3nico, inteligencia artificial. &#8220;Demos herramientas para que las y los xalape\u00f1os sean m\u00e1s competitivos y productivos&#8221;, acot\u00f3 el abanderado de la coalici\u00f3n Fuerza y Coraz\u00f3n por M\u00e9xico.<\/p>\n\n\n\n<p>En el contexto del desfile por el D\u00eda del Trabajo, indic\u00f3 que los trabajadores al servicio del Estado en sus tres \u00f3rdenes de gobierno, sus organismos aut\u00f3nomos y los descentralizados no son empleados de un partido pol\u00edtico.<\/p>\n\n\n\n<p>&#8220;No pueden ser objeto de presiones, de amenazas y lo que vamos a hacer es recuperar la dignidad que se abandonado por parte de la administraci\u00f3n&#8221;.<\/p>\n\n\n\n<p>De manera que dijo que como diputado federal, fortalecer\u00e1 las leyes para evitar y exigir que dejen de coaccionar, que dejen de utilizar a la fuerza trabajadora para engrosar eventos y m\u00edtines.<\/p>\n\n\n\n<p>Am\u00e9rico Z\u00fa\u00f1iga Mart\u00ednez destac\u00f3 que los trabajadores al servicio del gobierno con Pepe Yunes tendr\u00e1n condiciones generales, contratos laborales y colectivos que se respetar\u00e1n, &#8220;Pepe Yunes ser\u00e1 un gobernador que va a dignificar el trabajo de quienes laboran al servicio del gobierno&#8221;.<\/p>\n\n\n\n<p>El candidato se\u00f1al\u00f3 que el gobierno estatal termina en el lugar 27 de 32 estados con peores niveles de competitividad al no atraer una sola inversi\u00f3n importante.<\/p>\n\n\n\n<p>&#8220;A la clase trabajadora hay que decirles que vamos a trabajar por un Veracruz que viva sin miedo, que vamos a rescatar el sistema de salud, que vamos a respetar los programas sociales, vamos a impulsar la inversi\u00f3n y la generaci\u00f3n de empleo, vamos a luchar para que bajen las tarifas de luz y traer m\u00e1s infraestructura hidr\u00e1ulica&#8221;.<\/p>\n\n\n\n<p>Por \u00faltimo, vale la pena se\u00f1alar que una vez m\u00e1s exhibi\u00f3 la silla que simboliza la curul que ha estado vac\u00eda en San L\u00e1zaro durante casi nueve a\u00f1os, por lo que reiter\u00f3 su compromiso de que todas y todos los xalape\u00f1os estar\u00e1n bien representados en esa curul.<\/p>\n","protected":false},"excerpt":{"rendered":"<p>*Ciudadanos acudieron a plantear dudas e inquietudes en el D\u00eda del Trabajo. Xalapa, Ver.- Al destacar en el D\u00eda del Trabajo que Veracruz ha participado en la construcci\u00f3n de las instituciones que defienden el Art\u00edculo Quinto constitucional y el 123, Am\u00e9rico Z\u00fa\u00f1iga Mart\u00ednez, candidato a la diputaci\u00f3n federal por Xalapa, realiz\u00f3 otro debate ciudadano. En [&hellip;]<\/p>\n","protected":false},"author":2476,"featured_media":53942,"comment_status":"open","ping_status":"open","sticky":false,"template":"","format":"standard","meta":{"_jetpack_memberships_contains_paid_content":false,"footnotes":""},"categories":[3],"tags":[],"class_list":["post-53941","post","type-post","status-publish","format-standard","has-post-thumbnail","hentry","category-xalapa"],"jetpack_featured_media_url":"https:\/\/encuentroinformativo.com.mx\/wp-content\/uploads\/2024\/05\/IMG-20240501-WA0249-scaled.jpg","jetpack_sharing_enabled":true,"jetpack_likes_enabled":true,"amp_enabled":true,"_links":{"self":[{"href":"https:\/\/encuentroinformativo.com.mx\/index.php?rest_route=\/wp\/v2\/posts\/53941","targetHints":{"allow":["GET"]}}],"collection":[{"href":"https:\/\/encuentroinformativo.com.mx\/index.php?rest_route=\/wp\/v2\/posts"}],"about":[{"href":"https:\/\/encuentroinformativo.com.mx\/index.php?rest_route=\/wp\/v2\/types\/post"}],"author":[{"embeddable":true,"href":"https:\/\/encuentroinformativo.com.mx\/index.php?rest_route=\/wp\/v2\/users\/2476"}],"replies":[{"embeddable":true,"href":"https:\/\/encuentroinformativo.com.mx\/index.php?rest_route=%2Fwp%2Fv2%2Fcomments&post=53941"}],"version-history":[{"count":1,"href":"https:\/\/encuentroinformativo.com.mx\/index.php?rest_route=\/wp\/v2\/posts\/53941\/revisions"}],"predecessor-version":[{"id":53943,"href":"https:\/\/encuentroinformativo.com.mx\/index.php?rest_route=\/wp\/v2\/posts\/53941\/revisions\/53943"}],"wp:featuredmedia":[{"embeddable":true,"href":"https:\/\/encuentroinformativo.com.mx\/index.php?rest_route=\/wp\/v2\/media\/53942"}],"wp:attachment":[{"href":"https:\/\/encuentroinformativo.com.mx\/index.php?rest_route=%2Fwp%2Fv2%2Fmedia&parent=53941"}],"wp:term":[{"taxonomy":"category","embeddable":true,"href":"https:\/\/encuentroinformativo.com.mx\/index.php?rest_route=%2Fwp%2Fv2%2Fcategories&post=53941"},{"taxonomy":"post_tag","embeddable":true,"href":"https:\/\/encuentroinformativo.com.mx\/index.php?rest_route=%2Fwp%2Fv2%2Ftags&post=53941"}],"curies":[{"name":"wp","href":"https:\/\/api.w.org\/{rel}","templated":true}]}}