{"id":5395,"date":"2020-08-31T14:50:13","date_gmt":"2020-08-31T19:50:13","guid":{"rendered":"https:\/\/encuentroinformativo.com\/?p=5395"},"modified":"2020-08-31T14:50:27","modified_gmt":"2020-08-31T19:50:27","slug":"aspiran-mas-de-44-mil-jovenes-a-ingresar-a-la-uv","status":"publish","type":"post","link":"https:\/\/encuentroinformativo.com.mx\/?p=5395","title":{"rendered":"Aspiran m\u00e1s de 44 mil j\u00f3venes a ingresar a la UV"},"content":{"rendered":"\n<p><strong>Dar\u00edo Pale <\/strong><\/p>\n\n\n\n<p>Xalapa, Ver.- Desde temprana hora, m\u00e1s de 44 mil aspirantes a la Universidad Veracruzana, presentaron su examen de admisi\u00f3n, con todos los protocolos sanitarios, sin embargo eran largas filas sin sana distancia las que se pudieron observar.<\/p>\n\n\n\n<p>En redes sociales la rectora Sara Ladr\u00f3n de Guevara Gonz\u00e1lez, env\u00edo buenos deseos a todos los aspirantes de los cuales 38,924 fueron de manera presencial y 5,391 v\u00eda virtual con todas las facilidades para realizarlo.<\/p>\n\n\n\n<p>&#8220;Hoy es un d\u00eda importante para la Universidad Veracruzana. A partir de esta ma\u00f1ana, m\u00e1s de 44 mil Aspirantes a la UV presentar\u00e1n su examen de admisi\u00f3n. Deseo para todas y todos el mayor de los \u00e9xitos\u201d, se\u00f1al\u00f3.<\/p>\n\n\n\n<p>De igual manera, record\u00f3 a todos aquellos que asistieron a las diversas sedes en las cinco regiones, que lo hicieran de manera ordenada y con todas las medidas, aunque a algunos entre las prisas y nervios el cubrebocas se les olvid\u00f3 y debieron conseguirlo.<\/p>\n\n\n\n<p>En todas las entradas se colocaron filtros de sanidad, donde colocaban gel antibacterial y checaban la temperatura, adem\u00e1s de tapete sanitizsntes y los salones presentaban una distancia considerable entre los asistentes.<\/p>\n\n\n\n<p>Cabe recordar que este a\u00f1o, la m\u00e1xima cada de estudios cuenta con una matr\u00edcula de 16,704 lugares disponibles en todos los campus, lo cual aumento mil 300 lugares que a\u00f1os anteriores y estar\u00e1n ingresando a clases el pr\u00f3ximo 14 de septiembre.<\/p>\n\n\n\n<p><\/p>\n","protected":false},"excerpt":{"rendered":"<p>Dar\u00edo Pale Xalapa, Ver.- Desde temprana hora, m\u00e1s de 44 mil aspirantes a la Universidad Veracruzana, presentaron su examen de admisi\u00f3n, con todos los protocolos sanitarios, sin embargo eran largas filas sin sana distancia las que se pudieron observar. En redes sociales la rectora Sara Ladr\u00f3n de Guevara Gonz\u00e1lez, env\u00edo buenos deseos a todos los [&hellip;]<\/p>\n","protected":false},"author":1,"featured_media":5396,"comment_status":"open","ping_status":"open","sticky":false,"template":"","format":"standard","meta":{"_jetpack_memberships_contains_paid_content":false,"footnotes":""},"categories":[2],"tags":[],"class_list":["post-5395","post","type-post","status-publish","format-standard","has-post-thumbnail","hentry","category-estado"],"jetpack_featured_media_url":"https:\/\/encuentroinformativo.com.mx\/wp-content\/uploads\/2020\/08\/AB2A07E7-E919-43A4-B27E-68BCE60AB448.jpeg","jetpack_sharing_enabled":true,"jetpack_likes_enabled":true,"amp_enabled":true,"_links":{"self":[{"href":"https:\/\/encuentroinformativo.com.mx\/index.php?rest_route=\/wp\/v2\/posts\/5395","targetHints":{"allow":["GET"]}}],"collection":[{"href":"https:\/\/encuentroinformativo.com.mx\/index.php?rest_route=\/wp\/v2\/posts"}],"about":[{"href":"https:\/\/encuentroinformativo.com.mx\/index.php?rest_route=\/wp\/v2\/types\/post"}],"author":[{"embeddable":true,"href":"https:\/\/encuentroinformativo.com.mx\/index.php?rest_route=\/wp\/v2\/users\/1"}],"replies":[{"embeddable":true,"href":"https:\/\/encuentroinformativo.com.mx\/index.php?rest_route=%2Fwp%2Fv2%2Fcomments&post=5395"}],"version-history":[{"count":1,"href":"https:\/\/encuentroinformativo.com.mx\/index.php?rest_route=\/wp\/v2\/posts\/5395\/revisions"}],"predecessor-version":[{"id":5397,"href":"https:\/\/encuentroinformativo.com.mx\/index.php?rest_route=\/wp\/v2\/posts\/5395\/revisions\/5397"}],"wp:featuredmedia":[{"embeddable":true,"href":"https:\/\/encuentroinformativo.com.mx\/index.php?rest_route=\/wp\/v2\/media\/5396"}],"wp:attachment":[{"href":"https:\/\/encuentroinformativo.com.mx\/index.php?rest_route=%2Fwp%2Fv2%2Fmedia&parent=5395"}],"wp:term":[{"taxonomy":"category","embeddable":true,"href":"https:\/\/encuentroinformativo.com.mx\/index.php?rest_route=%2Fwp%2Fv2%2Fcategories&post=5395"},{"taxonomy":"post_tag","embeddable":true,"href":"https:\/\/encuentroinformativo.com.mx\/index.php?rest_route=%2Fwp%2Fv2%2Ftags&post=5395"}],"curies":[{"name":"wp","href":"https:\/\/api.w.org\/{rel}","templated":true}]}}