{"id":53952,"date":"2024-05-02T11:09:40","date_gmt":"2024-05-02T17:09:40","guid":{"rendered":"https:\/\/encuentroinformativo.com.mx\/?p=53952"},"modified":"2024-05-02T11:09:45","modified_gmt":"2024-05-02T17:09:45","slug":"veracruz-segundo-lugar-nacional-de-feminicidio-en-menores-de-edad-veronica-pulido","status":"publish","type":"post","link":"https:\/\/encuentroinformativo.com.mx\/?p=53952","title":{"rendered":"Veracruz segundo lugar nacional de feminicidio en menores de edad: Ver\u00f3nica Pulido"},"content":{"rendered":"\n<p><strong>Alejandro \u00c1vila<\/strong><\/p>\n\n\n\n<p>Veracruz, Ver.- Ver\u00f3nica Pulido Herrera, candidata a la diputaci\u00f3n federal por el Distrito 12, lament\u00f3 que Veracruz se encuentre en el segundo lugar nacional de feminicidios en menores de edad.<\/p>\n\n\n\n<p>Es por ello que, la abanderada de la coalici\u00f3n &#8220;Fuerza y Coraz\u00f3n por M\u00e9xico&#8221;, se comprometi\u00f3 a impulsar leyes que garanticen a ni\u00f1as y ni\u00f1os del pa\u00eds una vida libre de violencia; todo esto, acompa\u00f1ado de una alimentaci\u00f3n de calidad, educaci\u00f3n y atenci\u00f3n a su salud.<\/p>\n\n\n\n<p>&#8220;Debemos reflexionar sobre su situaci\u00f3n y comprometernos a garantizar sus derechos humanos. El gobierno de la 4T ha dejado en el abandono las pol\u00edticas y programas en favor del desarrollo de la ni\u00f1ez. Desde 2015, los feminicidios de mujeres entre los 0 y 17 a\u00f1os se han registrado a la fecha 751, de los cuales 62 corresponden al estado de Veracruz ubic\u00e1ndolo en un segundo lugar nacional. Estos cr\u00edmenes en menores se han incrementado en los \u00faltimos a\u00f1os y las autoridades federales y del estado solo han minimizando el problema&#8221;, lament\u00f3 Vero Pulido.<\/p>\n\n\n\n<p>A la par, acus\u00f3 qu\u00e9 otro problema que aqueja la ni\u00f1ez de M\u00e9xico, es el rezago que sufre en la aplicaci\u00f3n de vacunas para prevenir enfermedades graves; situaci\u00f3n que coloca a M\u00e9xico entre las 20 naciones del mundo con m\u00e1s ni\u00f1as y ni\u00f1os sin la aplicaci\u00f3n de ning\u00fan biol\u00f3gico, esto es 316 mil 830 ni\u00f1os con cero dosis de vacunas.<\/p>\n\n\n\n<p>Finalmente, asegur\u00f3 que no quitar\u00e1 el dedo del rengl\u00f3n para que en la C\u00e1mara de Diputados se legisle por el regreso de las Estancias Infantiles, ya que, de acuerdo al INEGI, 10 millones de ni\u00f1as y ni\u00f1os menores de 6 a\u00f1os necesitan de cuidados, porcentaje que se increment\u00f3 15.3 por ciento en los \u00faltimos a\u00f1os con la desaparici\u00f3n de las estancias.<\/p>\n","protected":false},"excerpt":{"rendered":"<p>Alejandro \u00c1vila Veracruz, Ver.- Ver\u00f3nica Pulido Herrera, candidata a la diputaci\u00f3n federal por el Distrito 12, lament\u00f3 que Veracruz se encuentre en el segundo lugar nacional de feminicidios en menores de edad. Es por ello que, la abanderada de la coalici\u00f3n &#8220;Fuerza y Coraz\u00f3n por M\u00e9xico&#8221;, se comprometi\u00f3 a impulsar leyes que garanticen a ni\u00f1as [&hellip;]<\/p>\n","protected":false},"author":2476,"featured_media":53953,"comment_status":"open","ping_status":"open","sticky":false,"template":"","format":"standard","meta":{"_jetpack_memberships_contains_paid_content":false,"footnotes":""},"categories":[2],"tags":[],"class_list":["post-53952","post","type-post","status-publish","format-standard","has-post-thumbnail","hentry","category-estado"],"jetpack_featured_media_url":"https:\/\/encuentroinformativo.com.mx\/wp-content\/uploads\/2024\/05\/IMG-20240502-WA00202.jpg","jetpack_sharing_enabled":true,"jetpack_likes_enabled":true,"amp_enabled":true,"_links":{"self":[{"href":"https:\/\/encuentroinformativo.com.mx\/index.php?rest_route=\/wp\/v2\/posts\/53952","targetHints":{"allow":["GET"]}}],"collection":[{"href":"https:\/\/encuentroinformativo.com.mx\/index.php?rest_route=\/wp\/v2\/posts"}],"about":[{"href":"https:\/\/encuentroinformativo.com.mx\/index.php?rest_route=\/wp\/v2\/types\/post"}],"author":[{"embeddable":true,"href":"https:\/\/encuentroinformativo.com.mx\/index.php?rest_route=\/wp\/v2\/users\/2476"}],"replies":[{"embeddable":true,"href":"https:\/\/encuentroinformativo.com.mx\/index.php?rest_route=%2Fwp%2Fv2%2Fcomments&post=53952"}],"version-history":[{"count":1,"href":"https:\/\/encuentroinformativo.com.mx\/index.php?rest_route=\/wp\/v2\/posts\/53952\/revisions"}],"predecessor-version":[{"id":53954,"href":"https:\/\/encuentroinformativo.com.mx\/index.php?rest_route=\/wp\/v2\/posts\/53952\/revisions\/53954"}],"wp:featuredmedia":[{"embeddable":true,"href":"https:\/\/encuentroinformativo.com.mx\/index.php?rest_route=\/wp\/v2\/media\/53953"}],"wp:attachment":[{"href":"https:\/\/encuentroinformativo.com.mx\/index.php?rest_route=%2Fwp%2Fv2%2Fmedia&parent=53952"}],"wp:term":[{"taxonomy":"category","embeddable":true,"href":"https:\/\/encuentroinformativo.com.mx\/index.php?rest_route=%2Fwp%2Fv2%2Fcategories&post=53952"},{"taxonomy":"post_tag","embeddable":true,"href":"https:\/\/encuentroinformativo.com.mx\/index.php?rest_route=%2Fwp%2Fv2%2Ftags&post=53952"}],"curies":[{"name":"wp","href":"https:\/\/api.w.org\/{rel}","templated":true}]}}