{"id":53968,"date":"2024-05-02T13:16:37","date_gmt":"2024-05-02T19:16:37","guid":{"rendered":"https:\/\/encuentroinformativo.com.mx\/?p=53968"},"modified":"2024-05-02T13:16:43","modified_gmt":"2024-05-02T19:16:43","slug":"suman-43-dias-sin-homicidios-en-poza-rica-cuitlahuac-garcia","status":"publish","type":"post","link":"https:\/\/encuentroinformativo.com.mx\/?p=53968","title":{"rendered":"Suman 43 d\u00edas sin homicidios en Poza Rica: Cuitl\u00e1huac Garc\u00eda"},"content":{"rendered":"\n<p>Xalapa, Ver.- La estrecha colaboraci\u00f3n entre las fuerzas de seguridad de los tres \u00f3rdenes de gobierno, ha dado como resultado que en el municipio de Poza Rica se contabilicen 43 d\u00edas sin registrarse homicidios de alto impacto.<\/p>\n\n\n\n<p>Lo anterior lo dio a conocer el Gobernador de Veracruz, Cuitl\u00e1huac Garc\u00eda Jim\u00e9nez, quien dijo que ha sostenido reuniones para evaluar los resultados en materia preventiva y de seguridad en los \u00faltimos cinco a\u00f1os.<\/p>\n\n\n\n<p>\u201cDesde que arribamos a la fecha, llevamos una disminuci\u00f3n del 52 por ciento en homicidios, 91 por ciento de disminuci\u00f3n en los secuestros, sumado a las detenciones importantes, como las que se han realizado en esta regi\u00f3n\u201d, dijo.<\/p>\n\n\n\n<p>Al respecto el mandatario veracruzano reconoci\u00f3 que en el municipio de Poza Rica se han capturado a integrantes de bandas delictivas, aunado al trabajo que se realiza por parte de la Fiscal\u00eda General del Estado.<\/p>\n\n\n\n<p>Puntualiz\u00f3 que van a seguir coordinados para preservar el orden y seguir aumentando los d\u00edas sin que se registren homicidios.<\/p>\n","protected":false},"excerpt":{"rendered":"<p>Xalapa, Ver.- La estrecha colaboraci\u00f3n entre las fuerzas de seguridad de los tres \u00f3rdenes de gobierno, ha dado como resultado que en el municipio de Poza Rica se contabilicen 43 d\u00edas sin registrarse homicidios de alto impacto. Lo anterior lo dio a conocer el Gobernador de Veracruz, Cuitl\u00e1huac Garc\u00eda Jim\u00e9nez, quien dijo que ha sostenido [&hellip;]<\/p>\n","protected":false},"author":2476,"featured_media":53969,"comment_status":"open","ping_status":"open","sticky":false,"template":"","format":"standard","meta":{"_jetpack_memberships_contains_paid_content":false,"footnotes":""},"categories":[2],"tags":[],"class_list":["post-53968","post","type-post","status-publish","format-standard","has-post-thumbnail","hentry","category-estado"],"jetpack_featured_media_url":"https:\/\/encuentroinformativo.com.mx\/wp-content\/uploads\/2024\/05\/IMG-20240502-WA0042.jpg","jetpack_sharing_enabled":true,"jetpack_likes_enabled":true,"amp_enabled":true,"_links":{"self":[{"href":"https:\/\/encuentroinformativo.com.mx\/index.php?rest_route=\/wp\/v2\/posts\/53968","targetHints":{"allow":["GET"]}}],"collection":[{"href":"https:\/\/encuentroinformativo.com.mx\/index.php?rest_route=\/wp\/v2\/posts"}],"about":[{"href":"https:\/\/encuentroinformativo.com.mx\/index.php?rest_route=\/wp\/v2\/types\/post"}],"author":[{"embeddable":true,"href":"https:\/\/encuentroinformativo.com.mx\/index.php?rest_route=\/wp\/v2\/users\/2476"}],"replies":[{"embeddable":true,"href":"https:\/\/encuentroinformativo.com.mx\/index.php?rest_route=%2Fwp%2Fv2%2Fcomments&post=53968"}],"version-history":[{"count":1,"href":"https:\/\/encuentroinformativo.com.mx\/index.php?rest_route=\/wp\/v2\/posts\/53968\/revisions"}],"predecessor-version":[{"id":53970,"href":"https:\/\/encuentroinformativo.com.mx\/index.php?rest_route=\/wp\/v2\/posts\/53968\/revisions\/53970"}],"wp:featuredmedia":[{"embeddable":true,"href":"https:\/\/encuentroinformativo.com.mx\/index.php?rest_route=\/wp\/v2\/media\/53969"}],"wp:attachment":[{"href":"https:\/\/encuentroinformativo.com.mx\/index.php?rest_route=%2Fwp%2Fv2%2Fmedia&parent=53968"}],"wp:term":[{"taxonomy":"category","embeddable":true,"href":"https:\/\/encuentroinformativo.com.mx\/index.php?rest_route=%2Fwp%2Fv2%2Fcategories&post=53968"},{"taxonomy":"post_tag","embeddable":true,"href":"https:\/\/encuentroinformativo.com.mx\/index.php?rest_route=%2Fwp%2Fv2%2Ftags&post=53968"}],"curies":[{"name":"wp","href":"https:\/\/api.w.org\/{rel}","templated":true}]}}