{"id":53974,"date":"2024-05-02T14:19:02","date_gmt":"2024-05-02T20:19:02","guid":{"rendered":"https:\/\/encuentroinformativo.com.mx\/?p=53974"},"modified":"2024-05-02T14:19:08","modified_gmt":"2024-05-02T20:19:08","slug":"padres-de-hijos-asesinados-por-elementos-de-ssp-reclaman-justicia","status":"publish","type":"post","link":"https:\/\/encuentroinformativo.com.mx\/?p=53974","title":{"rendered":"Padres de hijos asesinados por elementos de SSP reclaman justicia"},"content":{"rendered":"\n<p><strong>Dar\u00edo Pale <\/strong><\/p>\n\n\n\n<p>Xalapa, Ver.- \u201cYo supongo (que quiere proteger a los elementos de SSP) porque esto ya se hubiera aclarado, las c\u00e1maras de una se\u00f1ora fueron manipuladas, porque supieron que mi hijo estaba vivo, adem\u00e1s hay un audio en donde mi hijo dice que se les escapa y que lo van persiguiendo y que lo ayuden, eran polic\u00edas\u2026 a veces pienso que en el hospital me lo mataron porque iba a hablar\u201d, expuso.\u00a0<\/p>\n\n\n\n<p>Por su parte, la se\u00f1ora Mar\u00eda del Carmen Landa Ram\u00edrez, madre de Carlos Andr\u00e9s Navarro Landa, golpeado y asesinado el 2 de mayo de 2020 en el Cuartel de San Jos\u00e9, le exigi\u00f3 al Gobernador \u201cque se ponga las pilas\u201d y que no s\u00f3lo sea un discurso.\u00a0<\/p>\n\n\n\n<p>\u201cQueremos hechos, no puede ser que a cuatro a\u00f1os y \u00e9l ya se va y deje esto inconcluso, que no minimice las cosas porque ahorita somos nosotros, pero ma\u00f1ana \u00bfqui\u00e9n va a ser?, les pido a todos esos padres que est\u00e1n pasando por la misma situaci\u00f3n que se acerquen, que pidan justicia, porque no podemos seguir permiti\u00e9ndolo\u201d, asever\u00f3.\u00a0<\/p>\n\n\n\n<p>Fue as\u00ed que exigi\u00f3 al Gobierno y a la Fiscal\u00eda General del Estado que esclarezcan los casos de una vez por todas, \u201cno podemos seguir esperando m\u00e1s tiempo\u201d.\u00a0<\/p>\n\n\n\n<p>Cabe recordar que el 1 de mayo Carlos Andr\u00e9s era artista callejero, serigrafista y rapero y habr\u00eda salido a una reuni\u00f3n o a realizar un trabajo en el fraccionamiento Los C\u00e1ntaros.<\/p>\n\n\n\n<p>Luego vecinos de dicho fraccionamiento reportaron su presencia y luego la de polic\u00edas estatales quienes lo detuvieron y en un video se le ve con un palo en las manos frente a los polic\u00edas, acusando que lo quer\u00edan secuestrar, luego se confirm\u00f3 su muerte en el Cuartel.\u00a0<\/p>\n\n\n\n<p>La desesperada madre asegur\u00f3 que no hay un solo detenido en este caso e insisti\u00f3 en que fueron entre tres y cuatro elementos quienes lo golpearon salvajemente dentro del Cuartel de San Jos\u00e9.\u00a0<\/p>\n\n\n\n<p>Por ello acus\u00f3 que el gobierno de Cuitl\u00e1huac Garc\u00eda dej\u00f3 que huyeran los responsables, de lo contrario, el caso ya se hubiera esclarecido, adem\u00e1s refiri\u00f3 que hay videos en donde se ve que son varios los que lo golpean.\u00a0<\/p>\n\n\n\n<p>En el mismo sentido, la se\u00f1ora Julia Hern\u00e1ndez D\u00edaz, madre de Gustavo Ortiz Hern\u00e1ndez, record\u00f3 que el 24 de octubre de 2020, fue detenido por una supuesta falta administrativa, pero \u201clo dejaron molido a golpes hasta quitarle la vida\u201d.\u00a0<\/p>\n\n\n\n<p>Record\u00f3 que tras el crimen presentaron denuncia y por este asunto hay dos personas detenidas, pero ninguno ha recibido sentencia.\u00a0<\/p>\n\n\n\n<p>\u201cPido a las autoridades, al Gobernador, que le ponga todo el peso de la Ley a los asesinos, porque mi hijo no era un ave, era un ser humano y espero justicia como debe ser, no voy a dejar de luchar. Hay dos sujetos en proceso y espero no saber que al rato ya salieron porque todas las pruebas y acusaciones est\u00e1n contra ellos. Mi hijo no estaba enfermo\u201d, asegur\u00f3.\u00a0<\/p>\n\n\n\n<p>Finalmente se\u00f1alaron que tras varias horas de confusi\u00f3n y falta de informaci\u00f3n respecto de la detenci\u00f3n de Gustavo, les informaron que habr\u00eda sufrido un infarto dentro de los separos, pero su esposa tom\u00f3 fotos de su cuerpo y descubri\u00f3 las lesiones que le propinaron los elementos policiacos.<\/p>\n","protected":false},"excerpt":{"rendered":"<p>Dar\u00edo Pale Xalapa, Ver.- \u201cYo supongo (que quiere proteger a los elementos de SSP) porque esto ya se hubiera aclarado, las c\u00e1maras de una se\u00f1ora fueron manipuladas, porque supieron que mi hijo estaba vivo, adem\u00e1s hay un audio en donde mi hijo dice que se les escapa y que lo van persiguiendo y que lo [&hellip;]<\/p>\n","protected":false},"author":2476,"featured_media":53975,"comment_status":"open","ping_status":"open","sticky":false,"template":"","format":"standard","meta":{"_jetpack_memberships_contains_paid_content":false,"footnotes":""},"categories":[2],"tags":[],"class_list":["post-53974","post","type-post","status-publish","format-standard","has-post-thumbnail","hentry","category-estado"],"jetpack_featured_media_url":"https:\/\/encuentroinformativo.com.mx\/wp-content\/uploads\/2024\/05\/IMG-20240502-WA0057-scaled.jpg","jetpack_sharing_enabled":true,"jetpack_likes_enabled":true,"amp_enabled":true,"_links":{"self":[{"href":"https:\/\/encuentroinformativo.com.mx\/index.php?rest_route=\/wp\/v2\/posts\/53974","targetHints":{"allow":["GET"]}}],"collection":[{"href":"https:\/\/encuentroinformativo.com.mx\/index.php?rest_route=\/wp\/v2\/posts"}],"about":[{"href":"https:\/\/encuentroinformativo.com.mx\/index.php?rest_route=\/wp\/v2\/types\/post"}],"author":[{"embeddable":true,"href":"https:\/\/encuentroinformativo.com.mx\/index.php?rest_route=\/wp\/v2\/users\/2476"}],"replies":[{"embeddable":true,"href":"https:\/\/encuentroinformativo.com.mx\/index.php?rest_route=%2Fwp%2Fv2%2Fcomments&post=53974"}],"version-history":[{"count":1,"href":"https:\/\/encuentroinformativo.com.mx\/index.php?rest_route=\/wp\/v2\/posts\/53974\/revisions"}],"predecessor-version":[{"id":53976,"href":"https:\/\/encuentroinformativo.com.mx\/index.php?rest_route=\/wp\/v2\/posts\/53974\/revisions\/53976"}],"wp:featuredmedia":[{"embeddable":true,"href":"https:\/\/encuentroinformativo.com.mx\/index.php?rest_route=\/wp\/v2\/media\/53975"}],"wp:attachment":[{"href":"https:\/\/encuentroinformativo.com.mx\/index.php?rest_route=%2Fwp%2Fv2%2Fmedia&parent=53974"}],"wp:term":[{"taxonomy":"category","embeddable":true,"href":"https:\/\/encuentroinformativo.com.mx\/index.php?rest_route=%2Fwp%2Fv2%2Fcategories&post=53974"},{"taxonomy":"post_tag","embeddable":true,"href":"https:\/\/encuentroinformativo.com.mx\/index.php?rest_route=%2Fwp%2Fv2%2Ftags&post=53974"}],"curies":[{"name":"wp","href":"https:\/\/api.w.org\/{rel}","templated":true}]}}