{"id":53988,"date":"2024-05-02T17:05:52","date_gmt":"2024-05-02T23:05:52","guid":{"rendered":"https:\/\/encuentroinformativo.com.mx\/?p=53988"},"modified":"2024-05-02T17:05:59","modified_gmt":"2024-05-02T23:05:59","slug":"pan-interpondra-recurso-de-inconstitucionalidad-por-leyes-de-amparo-pensiones-y-amnistia","status":"publish","type":"post","link":"https:\/\/encuentroinformativo.com.mx\/?p=53988","title":{"rendered":"PAN interpondr\u00e1 recurso de inconstitucionalidad por leyes de Amparo, Pensiones y Amnist\u00eda"},"content":{"rendered":"\n<p><strong>Alejandro \u00c1vila<\/strong><\/p>\n\n\n\n<p>Boca del R\u00edo, Ver.- El coordinador del Grupo Parlamentario del PAN en el Senado de la Rep\u00fablica, Julen Rementer\u00eda del Puerto, mencion\u00f3 que interpondr\u00e1n 3 recursos de inconstitucionales, por las recientes iniciativas leyes aprobadas de Amparo, Pensiones y Amnist\u00eda.<\/p>\n\n\n\n<p>El veracruzano calific\u00f3 como un robo la creaci\u00f3n del nuevo Fondo de Pensiones del Bienestar, mismo que asegur\u00f3, busca adue\u00f1arse del dinero de las personas que est\u00e1n inactivas en sus afores.<\/p>\n\n\n\n<p>\u201cYa estamos trabajando en ella, se va a presentar por supuesto una acci\u00f3n de inconstitucionalidad, tambi\u00e9n vamos a presentar por la ley de amparo y otra m\u00e1s que tiene que ver con amnist\u00eda es inconstitucional las tres cosas, lo de las afores, la amnist\u00eda y lo de la ley de amparo\u201d, dijo.<\/p>\n\n\n\n<p>Sin embargo, el panista reconoci\u00f3 que las resoluciones de la SCJN no son r\u00e1pidas y es probable que entre en efecto, aun as\u00ed, se intentar\u00e1 que antes del 2 de julio se resuelva con respecto a la ley de Pensiones.<\/p>\n\n\n\n<p>En todo caso, a\u00fan existe la opci\u00f3n de recurrir a la solicitud de fincar responsabilidad si se utiliza el recurso del Fondo de Pensiones.<\/p>\n\n\n\n<p>\u201cYo mucho me temo que el dinero lo van a ocupar para distintas cosas, cuando ya fueron por ese dinero es porque ya ten\u00edan definido en qu\u00e9 gastarlo, en el decreto que se aprob\u00f3 dice que lo pueden invertir, en qu\u00e9 en otras cosas, lo podr\u00edan ocupar mucho antes de que la corte diga que no lo ocupen o que no lo autorice, yo creo que nos van a dar la raz\u00f3n porque son recursos privados que no pueden simplemente qued\u00e1rselo a la mala\u201d.<\/p>\n\n\n\n<p>Julen Rementeria, reconoci\u00f3 que, por los tiempos, es probable que se use el fondo dado que hay inter\u00e9s de aplicar el recurso lo antes posible.<\/p>\n\n\n\n<p>\u201cEsas cosas tardan, lamentablemente no son tan r\u00e1pida como quisi\u00e9ramos, vamos a pedir la suspensi\u00f3n, vamos a solicitar la suspensi\u00f3n, pero ayer ya vieron que lo anunciaron con bombo y platillo este decreto ya se public\u00f3 y va rapid\u00edsimo temiendo que incluso la corte los pueda detener, cuando la corte resuelva y si el recurso ya fue gastado como suponemos habr\u00e1 ocurriendo entraremos entonces en otro cap\u00edtulo que ser\u00e1 de responsabilidades por haber tomado un dinero que no es suyo\u201d, finaliz\u00f3.<\/p>\n","protected":false},"excerpt":{"rendered":"<p>Alejandro \u00c1vila Boca del R\u00edo, Ver.- El coordinador del Grupo Parlamentario del PAN en el Senado de la Rep\u00fablica, Julen Rementer\u00eda del Puerto, mencion\u00f3 que interpondr\u00e1n 3 recursos de inconstitucionales, por las recientes iniciativas leyes aprobadas de Amparo, Pensiones y Amnist\u00eda. El veracruzano calific\u00f3 como un robo la creaci\u00f3n del nuevo Fondo de Pensiones del [&hellip;]<\/p>\n","protected":false},"author":2476,"featured_media":53989,"comment_status":"open","ping_status":"open","sticky":false,"template":"","format":"standard","meta":{"_jetpack_memberships_contains_paid_content":false,"footnotes":""},"categories":[2],"tags":[],"class_list":["post-53988","post","type-post","status-publish","format-standard","has-post-thumbnail","hentry","category-estado"],"jetpack_featured_media_url":"https:\/\/encuentroinformativo.com.mx\/wp-content\/uploads\/2024\/05\/IMG-20240502-WA01102.jpg","jetpack_sharing_enabled":true,"jetpack_likes_enabled":true,"amp_enabled":true,"_links":{"self":[{"href":"https:\/\/encuentroinformativo.com.mx\/index.php?rest_route=\/wp\/v2\/posts\/53988","targetHints":{"allow":["GET"]}}],"collection":[{"href":"https:\/\/encuentroinformativo.com.mx\/index.php?rest_route=\/wp\/v2\/posts"}],"about":[{"href":"https:\/\/encuentroinformativo.com.mx\/index.php?rest_route=\/wp\/v2\/types\/post"}],"author":[{"embeddable":true,"href":"https:\/\/encuentroinformativo.com.mx\/index.php?rest_route=\/wp\/v2\/users\/2476"}],"replies":[{"embeddable":true,"href":"https:\/\/encuentroinformativo.com.mx\/index.php?rest_route=%2Fwp%2Fv2%2Fcomments&post=53988"}],"version-history":[{"count":1,"href":"https:\/\/encuentroinformativo.com.mx\/index.php?rest_route=\/wp\/v2\/posts\/53988\/revisions"}],"predecessor-version":[{"id":53990,"href":"https:\/\/encuentroinformativo.com.mx\/index.php?rest_route=\/wp\/v2\/posts\/53988\/revisions\/53990"}],"wp:featuredmedia":[{"embeddable":true,"href":"https:\/\/encuentroinformativo.com.mx\/index.php?rest_route=\/wp\/v2\/media\/53989"}],"wp:attachment":[{"href":"https:\/\/encuentroinformativo.com.mx\/index.php?rest_route=%2Fwp%2Fv2%2Fmedia&parent=53988"}],"wp:term":[{"taxonomy":"category","embeddable":true,"href":"https:\/\/encuentroinformativo.com.mx\/index.php?rest_route=%2Fwp%2Fv2%2Fcategories&post=53988"},{"taxonomy":"post_tag","embeddable":true,"href":"https:\/\/encuentroinformativo.com.mx\/index.php?rest_route=%2Fwp%2Fv2%2Ftags&post=53988"}],"curies":[{"name":"wp","href":"https:\/\/api.w.org\/{rel}","templated":true}]}}