{"id":5399,"date":"2020-08-31T16:01:32","date_gmt":"2020-08-31T21:01:32","guid":{"rendered":"https:\/\/encuentroinformativo.com\/?p=5399"},"modified":"2020-08-31T16:01:36","modified_gmt":"2020-08-31T21:01:36","slug":"reabrira-parque-de-coatepec-informa-regidor","status":"publish","type":"post","link":"https:\/\/encuentroinformativo.com.mx\/?p=5399","title":{"rendered":"Reabrir\u00e1 parque de Coatepec, informa regidor"},"content":{"rendered":"\n<p><strong>Juan Arcos <\/strong><\/p>\n\n\n\n<p>Xalapa, Ver.- El parque Miguel Hidalgo de Coatepec ser\u00e1 reabierto, pero con ciertas condiciones y medidas sanitarias para evitar contagios de SARS-COV-2 (COVID-19).<\/p>\n\n\n\n<p>As\u00ed lo dio a conocer el regidor tercero de Coatepec, Jorge Ignacio Luna Hern\u00e1ndez, quien a\u00f1adi\u00f3 que la reapertura est\u00e1 programada para el martes primero de septiembre.<\/p>\n\n\n\n<p>\u201cEsta reapertura est\u00e1 condicionada a que los comerciantes que venden alimentos y los betuneros, con permisos vigentes y que se encuentren al corriente en el pago de sus derechos ante el ayuntamiento, puedan a partir del primero de septiembre ocupar los pasillos del parque Miguel Hidalgo\u201d.<\/p>\n\n\n\n<p>El entrevistado indic\u00f3 que deber\u00e1n garantizarse las medidas sanitarias en dicho lugar para que permanezca abierto al p\u00fablico, de lo contrario, ser\u00eda cerrado nuevamente.<\/p>\n\n\n\n<p>Los comerciantes solo podr\u00e1n vender sus alimentos para llevar, en un horario de 12 del d\u00eda a nueve de la noche.<\/p>\n\n\n\n<p>Adem\u00e1s, los puestos semifijos deber\u00e1n laborar a 50 por ciento de su capacidad, para evitar aglomeraciones.<\/p>\n\n\n\n<p>\u201cDeber\u00e1n estar laborando a 50 por ciento de su capacidad total. Tendremos el padr\u00f3n del ayuntamiento para que solo sea el 50 por ciento de los comerciantes\u201d, enfatiz\u00f3 el funcionario municipal.<\/p>\n\n\n\n<p>Los vendedores y los clientes deber\u00e1n utilizar cubrebocas de manera obligatoria y ser\u00e1 instalado un filtro sanitario, donde tendr\u00e1n que aplicarse gel antibacterial para realizar sus compras y, posteriormente, retirarse.<\/p>\n\n\n\n<p><\/p>\n","protected":false},"excerpt":{"rendered":"<p>Juan Arcos Xalapa, Ver.- El parque Miguel Hidalgo de Coatepec ser\u00e1 reabierto, pero con ciertas condiciones y medidas sanitarias para evitar contagios de SARS-COV-2 (COVID-19). As\u00ed lo dio a conocer el regidor tercero de Coatepec, Jorge Ignacio Luna Hern\u00e1ndez, quien a\u00f1adi\u00f3 que la reapertura est\u00e1 programada para el martes primero de septiembre. \u201cEsta reapertura est\u00e1 [&hellip;]<\/p>\n","protected":false},"author":1,"featured_media":5400,"comment_status":"open","ping_status":"open","sticky":false,"template":"","format":"standard","meta":{"_jetpack_memberships_contains_paid_content":false,"footnotes":""},"categories":[8],"tags":[],"class_list":["post-5399","post","type-post","status-publish","format-standard","has-post-thumbnail","hentry","category-region"],"jetpack_featured_media_url":"https:\/\/encuentroinformativo.com.mx\/wp-content\/uploads\/2020\/08\/DDDC09CA-4325-4137-8F32-542CA8302073.jpeg","jetpack_sharing_enabled":true,"jetpack_likes_enabled":true,"amp_enabled":true,"_links":{"self":[{"href":"https:\/\/encuentroinformativo.com.mx\/index.php?rest_route=\/wp\/v2\/posts\/5399","targetHints":{"allow":["GET"]}}],"collection":[{"href":"https:\/\/encuentroinformativo.com.mx\/index.php?rest_route=\/wp\/v2\/posts"}],"about":[{"href":"https:\/\/encuentroinformativo.com.mx\/index.php?rest_route=\/wp\/v2\/types\/post"}],"author":[{"embeddable":true,"href":"https:\/\/encuentroinformativo.com.mx\/index.php?rest_route=\/wp\/v2\/users\/1"}],"replies":[{"embeddable":true,"href":"https:\/\/encuentroinformativo.com.mx\/index.php?rest_route=%2Fwp%2Fv2%2Fcomments&post=5399"}],"version-history":[{"count":1,"href":"https:\/\/encuentroinformativo.com.mx\/index.php?rest_route=\/wp\/v2\/posts\/5399\/revisions"}],"predecessor-version":[{"id":5401,"href":"https:\/\/encuentroinformativo.com.mx\/index.php?rest_route=\/wp\/v2\/posts\/5399\/revisions\/5401"}],"wp:featuredmedia":[{"embeddable":true,"href":"https:\/\/encuentroinformativo.com.mx\/index.php?rest_route=\/wp\/v2\/media\/5400"}],"wp:attachment":[{"href":"https:\/\/encuentroinformativo.com.mx\/index.php?rest_route=%2Fwp%2Fv2%2Fmedia&parent=5399"}],"wp:term":[{"taxonomy":"category","embeddable":true,"href":"https:\/\/encuentroinformativo.com.mx\/index.php?rest_route=%2Fwp%2Fv2%2Fcategories&post=5399"},{"taxonomy":"post_tag","embeddable":true,"href":"https:\/\/encuentroinformativo.com.mx\/index.php?rest_route=%2Fwp%2Fv2%2Ftags&post=5399"}],"curies":[{"name":"wp","href":"https:\/\/api.w.org\/{rel}","templated":true}]}}