{"id":53997,"date":"2024-05-03T11:07:53","date_gmt":"2024-05-03T17:07:53","guid":{"rendered":"https:\/\/encuentroinformativo.com.mx\/?p=53997"},"modified":"2024-05-03T11:07:58","modified_gmt":"2024-05-03T17:07:58","slug":"chiquiyunes-y-chiquidante-2030","status":"publish","type":"post","link":"https:\/\/encuentroinformativo.com.mx\/?p=53997","title":{"rendered":"CHIQUIYUNES Y CHIQUIDANTE 2030"},"content":{"rendered":"\n<p><strong>Los Pol\u00edticos<\/strong><\/p>\n\n\n\n<p><strong>Salvador Mu\u00f1oz<\/strong><\/p>\n\n\n\n<p>Hoy, en Veracruz, es la elecci\u00f3n por la Gubernatura el escenario que mantiene a todos al pendiente de lo que se publique del candidato o la candidata, de los resultados de la encuesta tal o cual, o del meme en que se ridiculice a una o a otro.<\/p>\n\n\n\n<p>Pareciera que el resto de las elecciones carecen de importancia al lado de \u00e9sta, que poco ruido se le hace a los competidores por un esca\u00f1o o por las curules, sean las federales o las locales\u2026 \u201cpareciera\u201d porque ya hay quienes proyectan figuras al 2030 en estas \u00e1reas.<\/p>\n\n\n\n<p>Est\u00e1 de m\u00e1s citar que en el imaginario pol\u00edtico, Chiquiyunes trae un pinche fierrote en la frente con el n\u00famero 30 y otro en la nacha, con el 2015 (se imagin\u00f3 la nacha de Chiquiyunes, pill\u00edn!).<\/p>\n\n\n\n<p>Esto es en el escenario azul, aunque tambi\u00e9n los morenos visualizan a Chiquis y si me apuran, el resto de los partidos\u2026<\/p>\n\n\n\n<p>Pero el escenario que no han imaginado ni la Oposici\u00f3n ni el partido en el poder, es el que est\u00e1 germinando en el fosfo-fosfo partido\u2026<\/p>\n\n\n\n<p>A nivel nacional, bajita la tenaza, Movimiento Ciudadano tiene ya tres cartas para el 2030, ah, no es cierto, nom\u00e1s tiene dos\u2026 la Dama se les cae por edad, pero seguimos con los varones.<\/p>\n\n\n\n<p>Los dos prospectos para competir en el 2030 por la Presidencia por parte de Movimiento Ciudadano son Samuel Garc\u00eda y Luis Donaldo Colosio.<\/p>\n\n\n\n<p>Para los naranjas, el que mayor probabilidad tiene de llegar a esa fecha es Colosio, por una sencilla raz\u00f3n: Tendr\u00e1 mayor vigencia y un balc\u00f3n espectacular, VIP, desde el Senado\u2026 \u00a1Claro! Esto bajo una visi\u00f3n sumamente optimista en el entendido de que Movimiento Ciudadano se mantenga como partido y que Luis Donaldo gane. Y est\u00e1n tan optimistas, que creen que en una de \u00e9sas, se conviertan en la tercera fuerza electoral por abajo de Morena y el PAN.<\/p>\n\n\n\n<p>Ahora, a nivel aldea jarocha, cu\u00e1l el es escenario que se pinta naranja?<\/p>\n\n\n\n<p>Hay que irnos en gajos (para estar ah doc con los naranjas), y empezar con la dirigencia estatal, que si no mal recuerda uno, se supone que pasando el periodo electoral 2024, habr\u00eda renovaci\u00f3n y si bien, pudiera haber lugar para que Sergio Gil (adem\u00e1s de ser Diputado Federal) siguiera dirigiendo los destinos del MC en Veracruz con miras a la siguiente elecci\u00f3n, pues de cierto modo es \u00e9l quien ha ido tejiendo el enramado 24-25, hay espacio para dos escenarios:<\/p>\n\n\n\n<p>O hay cambio en el 2024 de dirigente, o pasado el 25\u2026 lo que no var\u00eda para los fosfo fosfo militantes, es quien llegar\u00eda a ocupar el cargo de Sergio Gil\u2026 Por supuesto que para Sergio, Luis Carbonell de la Hoz ser\u00eda su primera opci\u00f3n, pero\u2026<\/p>\n\n\n\n<p>Como en todos los escenarios por el esca\u00f1o s\u00f3lo pintan a Miguel \u00c1ngel Yunes M\u00e1rquez y Sara Ladr\u00f3n, junto con Claudia Tello en un esquema, o bien, a Claudia Tello, Manuel Huerta y Chiquiyunes en otro, todo indica que Dante Delgado junior pierde ganando\u2026 \u00bfen qu\u00e9 sentido?<\/p>\n\n\n\n<p>Bueno, al ponerlo como candidato al Senado sin haber hecho nunca presencia en el \u00e1mbito pol\u00edtico en Veracruz, pero con la ventaja de tener una marca ya reconocida con el nombre de su padre, de cierto modo, en esta campa\u00f1a lo que hizo Dante chico fue presentarse \u00a1y conocer Veracruz! As\u00ed que, conociendo a Dante Delgado Rannauro, uno podr\u00eda suponer que extender\u00eda su poder en Veracruz cediendo la estafeta a su hijo en la dirigencia estatal, lo que le permitir\u00eda a Dante junior tener ese balc\u00f3n que da ser Jefe, tener un partido y adem\u00e1s tener una marca que le permitir\u00eda en un lapso de cuatro o cinco a\u00f1os, dependiendo, para posicionarse y, por qu\u00e9 no, competir por la Gubernatura en 2030\u2026<\/p>\n\n\n\n<p>As\u00ed, ya tenemos por un lado a Chiquiyunes y a Chiquidante\u2026 \u00bfQu\u00e9 otro hijo de su pol\u00edtica madre o pol\u00edtico padre, podr\u00eda caber en este escenario? \u00a1Se los dejo de tarea!<\/p>\n","protected":false},"excerpt":{"rendered":"<p>Los Pol\u00edticos Salvador Mu\u00f1oz Hoy, en Veracruz, es la elecci\u00f3n por la Gubernatura el escenario que mantiene a todos al pendiente de lo que se publique del candidato o la candidata, de los resultados de la encuesta tal o cual, o del meme en que se ridiculice a una o a otro. Pareciera que el [&hellip;]<\/p>\n","protected":false},"author":2476,"featured_media":387,"comment_status":"open","ping_status":"open","sticky":false,"template":"","format":"standard","meta":{"_jetpack_memberships_contains_paid_content":false,"footnotes":""},"categories":[11],"tags":[],"class_list":["post-53997","post","type-post","status-publish","format-standard","has-post-thumbnail","hentry","category-opinion"],"jetpack_featured_media_url":"https:\/\/encuentroinformativo.com.mx\/wp-content\/uploads\/2020\/03\/7CF8A22B-2764-47BE-8F7F-38FE9E5D6A2F.jpeg","jetpack_sharing_enabled":true,"jetpack_likes_enabled":true,"amp_enabled":true,"_links":{"self":[{"href":"https:\/\/encuentroinformativo.com.mx\/index.php?rest_route=\/wp\/v2\/posts\/53997","targetHints":{"allow":["GET"]}}],"collection":[{"href":"https:\/\/encuentroinformativo.com.mx\/index.php?rest_route=\/wp\/v2\/posts"}],"about":[{"href":"https:\/\/encuentroinformativo.com.mx\/index.php?rest_route=\/wp\/v2\/types\/post"}],"author":[{"embeddable":true,"href":"https:\/\/encuentroinformativo.com.mx\/index.php?rest_route=\/wp\/v2\/users\/2476"}],"replies":[{"embeddable":true,"href":"https:\/\/encuentroinformativo.com.mx\/index.php?rest_route=%2Fwp%2Fv2%2Fcomments&post=53997"}],"version-history":[{"count":1,"href":"https:\/\/encuentroinformativo.com.mx\/index.php?rest_route=\/wp\/v2\/posts\/53997\/revisions"}],"predecessor-version":[{"id":53998,"href":"https:\/\/encuentroinformativo.com.mx\/index.php?rest_route=\/wp\/v2\/posts\/53997\/revisions\/53998"}],"wp:featuredmedia":[{"embeddable":true,"href":"https:\/\/encuentroinformativo.com.mx\/index.php?rest_route=\/wp\/v2\/media\/387"}],"wp:attachment":[{"href":"https:\/\/encuentroinformativo.com.mx\/index.php?rest_route=%2Fwp%2Fv2%2Fmedia&parent=53997"}],"wp:term":[{"taxonomy":"category","embeddable":true,"href":"https:\/\/encuentroinformativo.com.mx\/index.php?rest_route=%2Fwp%2Fv2%2Fcategories&post=53997"},{"taxonomy":"post_tag","embeddable":true,"href":"https:\/\/encuentroinformativo.com.mx\/index.php?rest_route=%2Fwp%2Fv2%2Ftags&post=53997"}],"curies":[{"name":"wp","href":"https:\/\/api.w.org\/{rel}","templated":true}]}}