{"id":54017,"date":"2024-05-03T16:07:25","date_gmt":"2024-05-03T22:07:25","guid":{"rendered":"https:\/\/encuentroinformativo.com.mx\/?p=54017"},"modified":"2024-05-03T16:07:31","modified_gmt":"2024-05-03T22:07:31","slug":"hay-avances-en-caso-de-pareja-desaparecida-en-poza-rica-reitera-gobernador","status":"publish","type":"post","link":"https:\/\/encuentroinformativo.com.mx\/?p=54017","title":{"rendered":"Hay avances en caso de pareja desaparecida en Poza Rica, reitera Gobernador"},"content":{"rendered":"\n<p><strong>Dar\u00edo Pale <\/strong><\/p>\n\n\n\n<p>Xalapa, Ver.- Insiste el gobernador Cuitl\u00e1huac Garcia Jim\u00e9nez que en el caso de las parejas desaparecidas en Poza Rica &#8220;hay avances&#8221;, pero se act\u00faa con prudencia.<\/p>\n\n\n\n<p>En conferencia de prensa, precis\u00f3 que hay avances en la investigaci\u00f3n del matrimonio compuesto por Emma Luc\u00eda Bandala Herrera y Santiago Rodr\u00edguez Navarro, desaparecidos desde el 8 de abril en Poza Rica, en la zona norte del estado.<\/p>\n\n\n\n<p>&#8220;En el caso de Poza Rica, ayer coment\u00e9 que \u00a0el caso lo lleva a la Fiscal\u00eda y tiene avances&#8221;, se\u00f1al\u00f3.<\/p>\n\n\n\n<p>Dijo que en la zona norte tiene que actuarse con prudencia, &#8220;es un protocolo porque estamos obligados a atender y eso nos obliga a cuidar los procedimientos. Se est\u00e1 haciendo el esfuerzo y se seguir\u00e1&#8221;.\u00a0<\/p>\n\n\n\n<p>Rebeca Rodr\u00edguez, una de las hijas del matrimonio narr\u00f3 que sus padres salieron a mostrar una camioneta que ten\u00edan en venta, a una persona que estaba interesada en adquirir el veh\u00edculo, sin embargo tras su salida, ya no regresaron a su casa.<\/p>\n\n\n\n<p>Por \u00faltimo cabe se\u00f1alar que la familia de la pareja est\u00e1 desesperada porque temen que el matrimonio se encuentre en alguna situaci\u00f3n de peligro ante la falta de comunicaci\u00f3n que ha persistido dese el 8 de abril.<\/p>\n","protected":false},"excerpt":{"rendered":"<p>Dar\u00edo Pale Xalapa, Ver.- Insiste el gobernador Cuitl\u00e1huac Garcia Jim\u00e9nez que en el caso de las parejas desaparecidas en Poza Rica &#8220;hay avances&#8221;, pero se act\u00faa con prudencia. En conferencia de prensa, precis\u00f3 que hay avances en la investigaci\u00f3n del matrimonio compuesto por Emma Luc\u00eda Bandala Herrera y Santiago Rodr\u00edguez Navarro, desaparecidos desde el 8 [&hellip;]<\/p>\n","protected":false},"author":2476,"featured_media":54018,"comment_status":"open","ping_status":"open","sticky":false,"template":"","format":"standard","meta":{"_jetpack_memberships_contains_paid_content":false,"footnotes":""},"categories":[2],"tags":[],"class_list":["post-54017","post","type-post","status-publish","format-standard","has-post-thumbnail","hentry","category-estado"],"jetpack_featured_media_url":"https:\/\/encuentroinformativo.com.mx\/wp-content\/uploads\/2024\/05\/IMG-20240503-WA0061-scaled.jpg","jetpack_sharing_enabled":true,"jetpack_likes_enabled":true,"amp_enabled":true,"_links":{"self":[{"href":"https:\/\/encuentroinformativo.com.mx\/index.php?rest_route=\/wp\/v2\/posts\/54017","targetHints":{"allow":["GET"]}}],"collection":[{"href":"https:\/\/encuentroinformativo.com.mx\/index.php?rest_route=\/wp\/v2\/posts"}],"about":[{"href":"https:\/\/encuentroinformativo.com.mx\/index.php?rest_route=\/wp\/v2\/types\/post"}],"author":[{"embeddable":true,"href":"https:\/\/encuentroinformativo.com.mx\/index.php?rest_route=\/wp\/v2\/users\/2476"}],"replies":[{"embeddable":true,"href":"https:\/\/encuentroinformativo.com.mx\/index.php?rest_route=%2Fwp%2Fv2%2Fcomments&post=54017"}],"version-history":[{"count":1,"href":"https:\/\/encuentroinformativo.com.mx\/index.php?rest_route=\/wp\/v2\/posts\/54017\/revisions"}],"predecessor-version":[{"id":54019,"href":"https:\/\/encuentroinformativo.com.mx\/index.php?rest_route=\/wp\/v2\/posts\/54017\/revisions\/54019"}],"wp:featuredmedia":[{"embeddable":true,"href":"https:\/\/encuentroinformativo.com.mx\/index.php?rest_route=\/wp\/v2\/media\/54018"}],"wp:attachment":[{"href":"https:\/\/encuentroinformativo.com.mx\/index.php?rest_route=%2Fwp%2Fv2%2Fmedia&parent=54017"}],"wp:term":[{"taxonomy":"category","embeddable":true,"href":"https:\/\/encuentroinformativo.com.mx\/index.php?rest_route=%2Fwp%2Fv2%2Fcategories&post=54017"},{"taxonomy":"post_tag","embeddable":true,"href":"https:\/\/encuentroinformativo.com.mx\/index.php?rest_route=%2Fwp%2Fv2%2Ftags&post=54017"}],"curies":[{"name":"wp","href":"https:\/\/api.w.org\/{rel}","templated":true}]}}