{"id":54020,"date":"2024-05-03T16:11:21","date_gmt":"2024-05-03T22:11:21","guid":{"rendered":"https:\/\/encuentroinformativo.com.mx\/?p=54020"},"modified":"2024-05-03T16:12:01","modified_gmt":"2024-05-03T22:12:01","slug":"en-xalapa-colocan-memorial-por-periodistas-asesinados","status":"publish","type":"post","link":"https:\/\/encuentroinformativo.com.mx\/?p=54020","title":{"rendered":"En Xalapa, colocan memorial por periodistas asesinados"},"content":{"rendered":"\n<p><strong>Juan Arcos <\/strong><\/p>\n\n\n\n<p>Xalapa, Ver.- Frente a Palacio de Gobierno, en la ciudad de Xalapa, fue montado un memorial para exigir justicia por los periodista asesinados y desaparecidos en el estado de Veracruz, en el marco del D\u00eda Internacional de la Libertad de Prensa.<\/p>\n\n\n\n<p>Sobre Plaza Sebasti\u00e1n Lerdo de Tejada se observa una m\u00e1quina de escribir dentro de una jaula, enrollada con alambre de p\u00faas y rociada con pintura roja, simulando la sangre derramada por los cr\u00edmenes cometidos contra las comunicadores en la entidad.<\/p>\n\n\n\n<p>El homenaje fue colocado por defensores de los derechos humanos. Tambi\u00e9n fue instalada una corona de flores en memoria de los periodistas que han sido v\u00edctimas durante los \u00faltimos gobiernos en el estado de Veracruz.<\/p>\n\n\n\n<p>Tambi\u00e9n colocaron piedras que fueron pintadas y adornadas con los nombres de las reporteras y reporteros que han sido asesinados o reportados como desparecidos.<\/p>\n\n\n\n<p>Se le\u00edan los nombres de Armando Salda\u00f1a, Juan Mendoza Delgado, Rub\u00e9n Espinosa Becerril, Manuel Torres Gonz\u00e1lez, Pedro Tamayo Rosas, Ricardo Arturo Monlui, Edwin Rivera Paz, C\u00e1ndido R\u00edos V\u00e1zquez, Gumaro P\u00e9rez Aguilando, Leobardo V\u00e1zquez Atzin, Jorge Celestino Ruiz, Julio Valdivia, Jacinto Romero Flores, Jos\u00e9 Luis Gamboa Arenas.<\/p>\n\n\n\n<p>En otra de las rocas tambi\u00e9n se observaban los nombres de las reporteras Yolanda Ordaz de la Cruz, Regina Mart\u00ednez P\u00e9rez, Anabel Flores Salazar, Mar\u00eda Elena Ferral, Yesenia Mollinedo y Sheila Johana Garc\u00eda.<\/p>\n\n\n\n<p>En una tercera piedra se le\u00eda la leyenda \u201cdesaparecidos\u201d y los nombres Gabriel Manuel Fonseca Hern\u00e1ndez, Miguel Morales Estrada, Sergio Landa Rosado y Tom\u00e1s David Matus.<\/p>\n\n\n\n<p>Cabe recordar que la organizaci\u00f3n Art\u00edculo 19 considera que el estado de Veracruz es uno de los m\u00e1s peligrosos para el ejercicio period\u00edstico por el n\u00famero de cr\u00edmenes y agresiones contra la prensa.<\/p>\n\n\n\n<figure class=\"wp-block-image size-large\"><img loading=\"lazy\" decoding=\"async\" width=\"768\" height=\"1024\" src=\"https:\/\/encuentroinformativo.com.mx\/wp-content\/uploads\/2024\/05\/IMG_5588-768x1024.jpg\" alt=\"\" class=\"wp-image-54021\" srcset=\"https:\/\/encuentroinformativo.com.mx\/wp-content\/uploads\/2024\/05\/IMG_5588-768x1024.jpg 768w, https:\/\/encuentroinformativo.com.mx\/wp-content\/uploads\/2024\/05\/IMG_5588-225x300.jpg 225w, https:\/\/encuentroinformativo.com.mx\/wp-content\/uploads\/2024\/05\/IMG_5588-1152x1536.jpg 1152w, https:\/\/encuentroinformativo.com.mx\/wp-content\/uploads\/2024\/05\/IMG_5588-rotated.jpg 1512w\" sizes=\"auto, (max-width: 768px) 100vw, 768px\" \/><\/figure>\n","protected":false},"excerpt":{"rendered":"<p>Juan Arcos Xalapa, Ver.- Frente a Palacio de Gobierno, en la ciudad de Xalapa, fue montado un memorial para exigir justicia por los periodista asesinados y desaparecidos en el estado de Veracruz, en el marco del D\u00eda Internacional de la Libertad de Prensa. Sobre Plaza Sebasti\u00e1n Lerdo de Tejada se observa una m\u00e1quina de escribir [&hellip;]<\/p>\n","protected":false},"author":2476,"featured_media":54021,"comment_status":"open","ping_status":"open","sticky":false,"template":"","format":"standard","meta":{"_jetpack_memberships_contains_paid_content":false,"footnotes":""},"categories":[2],"tags":[],"class_list":["post-54020","post","type-post","status-publish","format-standard","has-post-thumbnail","hentry","category-estado"],"jetpack_featured_media_url":"https:\/\/encuentroinformativo.com.mx\/wp-content\/uploads\/2024\/05\/IMG_5588-rotated.jpg","jetpack_sharing_enabled":true,"jetpack_likes_enabled":true,"amp_enabled":true,"_links":{"self":[{"href":"https:\/\/encuentroinformativo.com.mx\/index.php?rest_route=\/wp\/v2\/posts\/54020","targetHints":{"allow":["GET"]}}],"collection":[{"href":"https:\/\/encuentroinformativo.com.mx\/index.php?rest_route=\/wp\/v2\/posts"}],"about":[{"href":"https:\/\/encuentroinformativo.com.mx\/index.php?rest_route=\/wp\/v2\/types\/post"}],"author":[{"embeddable":true,"href":"https:\/\/encuentroinformativo.com.mx\/index.php?rest_route=\/wp\/v2\/users\/2476"}],"replies":[{"embeddable":true,"href":"https:\/\/encuentroinformativo.com.mx\/index.php?rest_route=%2Fwp%2Fv2%2Fcomments&post=54020"}],"version-history":[{"count":2,"href":"https:\/\/encuentroinformativo.com.mx\/index.php?rest_route=\/wp\/v2\/posts\/54020\/revisions"}],"predecessor-version":[{"id":54023,"href":"https:\/\/encuentroinformativo.com.mx\/index.php?rest_route=\/wp\/v2\/posts\/54020\/revisions\/54023"}],"wp:featuredmedia":[{"embeddable":true,"href":"https:\/\/encuentroinformativo.com.mx\/index.php?rest_route=\/wp\/v2\/media\/54021"}],"wp:attachment":[{"href":"https:\/\/encuentroinformativo.com.mx\/index.php?rest_route=%2Fwp%2Fv2%2Fmedia&parent=54020"}],"wp:term":[{"taxonomy":"category","embeddable":true,"href":"https:\/\/encuentroinformativo.com.mx\/index.php?rest_route=%2Fwp%2Fv2%2Fcategories&post=54020"},{"taxonomy":"post_tag","embeddable":true,"href":"https:\/\/encuentroinformativo.com.mx\/index.php?rest_route=%2Fwp%2Fv2%2Ftags&post=54020"}],"curies":[{"name":"wp","href":"https:\/\/api.w.org\/{rel}","templated":true}]}}