{"id":5403,"date":"2020-08-31T16:28:56","date_gmt":"2020-08-31T21:28:56","guid":{"rendered":"https:\/\/encuentroinformativo.com\/?p=5403"},"modified":"2020-08-31T16:29:01","modified_gmt":"2020-08-31T21:29:01","slug":"xalapa-cuenta-con-autodefensas-paco-carmona","status":"publish","type":"post","link":"https:\/\/encuentroinformativo.com.mx\/?p=5403","title":{"rendered":"Xalapa cuenta con autodefensas: Paco Carmona"},"content":{"rendered":"\n<p><strong>Juan Arcos <\/strong><\/p>\n\n\n\n<p>Xalapa, Ver.- En Xalapa hay autodefensas, pero no est\u00e1n armados, revel\u00f3 el coordinador el Frente Nacional de Autodefensas, Francisco Carmona Cort\u00e9s.<\/p>\n\n\n\n<p>El entrevistado indic\u00f3 que en la capital del estado s\u00f3lo emprenden acciones jur\u00eddicas y sociales.<\/p>\n\n\n\n<p>\u201cEn Xalapa tenemos presencia; sin embargo, aqu\u00ed hacemos otro trabajo, es m\u00e1s jur\u00eddico, social y ambiental, estamos yendo de la mano, tratamos de apoyarlo\u201d, se\u00f1al\u00f3.<\/p>\n\n\n\n<p>A\u00f1adi\u00f3 que los autodefensas podr\u00edan ser una herramienta gubernamental para activar protocolos de seguridad, en coordinaci\u00f3n con las corporaciones municipales, estatales y federales.<\/p>\n\n\n\n<p>\u201cNosotros podr\u00edamos ser una herramienta eficaz para controlar el crimen, porque sabemos que la polic\u00eda no se da abasto, no tiene esta fuerza humana, las pocas son pocas, el personal es muy poco\u201d.<\/p>\n\n\n\n<p>El grupo de autodefensas fue fundado por Jos\u00e9 M\u00edreles, quien fue expulsado de los autodefensas en Michoac\u00e1n.<\/p>\n\n\n\n<p>\u201cPodr\u00edamos ser la parte humana que ayudara buscar la pacificaci\u00f3n y la tranquilidad de los veracruzanos\u201d.<\/p>\n\n\n\n<p>En ese sentido, reprob\u00f3 que el gobierno de Veracruz insista en criminalizar a los grupos autodefensas que tienen presencia en 28 estados de la Rep\u00fablica Mexicana, desde 2014.<\/p>\n\n\n\n<p><\/p>\n","protected":false},"excerpt":{"rendered":"<p>Juan Arcos Xalapa, Ver.- En Xalapa hay autodefensas, pero no est\u00e1n armados, revel\u00f3 el coordinador el Frente Nacional de Autodefensas, Francisco Carmona Cort\u00e9s. El entrevistado indic\u00f3 que en la capital del estado s\u00f3lo emprenden acciones jur\u00eddicas y sociales. \u201cEn Xalapa tenemos presencia; sin embargo, aqu\u00ed hacemos otro trabajo, es m\u00e1s jur\u00eddico, social y ambiental, estamos [&hellip;]<\/p>\n","protected":false},"author":1,"featured_media":5404,"comment_status":"open","ping_status":"open","sticky":false,"template":"","format":"standard","meta":{"_jetpack_memberships_contains_paid_content":false,"footnotes":""},"categories":[3],"tags":[],"class_list":["post-5403","post","type-post","status-publish","format-standard","has-post-thumbnail","hentry","category-xalapa"],"jetpack_featured_media_url":"https:\/\/encuentroinformativo.com.mx\/wp-content\/uploads\/2020\/08\/102E4697-167F-4376-B266-AF8CC319D577.jpeg","jetpack_sharing_enabled":true,"jetpack_likes_enabled":true,"amp_enabled":true,"_links":{"self":[{"href":"https:\/\/encuentroinformativo.com.mx\/index.php?rest_route=\/wp\/v2\/posts\/5403","targetHints":{"allow":["GET"]}}],"collection":[{"href":"https:\/\/encuentroinformativo.com.mx\/index.php?rest_route=\/wp\/v2\/posts"}],"about":[{"href":"https:\/\/encuentroinformativo.com.mx\/index.php?rest_route=\/wp\/v2\/types\/post"}],"author":[{"embeddable":true,"href":"https:\/\/encuentroinformativo.com.mx\/index.php?rest_route=\/wp\/v2\/users\/1"}],"replies":[{"embeddable":true,"href":"https:\/\/encuentroinformativo.com.mx\/index.php?rest_route=%2Fwp%2Fv2%2Fcomments&post=5403"}],"version-history":[{"count":1,"href":"https:\/\/encuentroinformativo.com.mx\/index.php?rest_route=\/wp\/v2\/posts\/5403\/revisions"}],"predecessor-version":[{"id":5405,"href":"https:\/\/encuentroinformativo.com.mx\/index.php?rest_route=\/wp\/v2\/posts\/5403\/revisions\/5405"}],"wp:featuredmedia":[{"embeddable":true,"href":"https:\/\/encuentroinformativo.com.mx\/index.php?rest_route=\/wp\/v2\/media\/5404"}],"wp:attachment":[{"href":"https:\/\/encuentroinformativo.com.mx\/index.php?rest_route=%2Fwp%2Fv2%2Fmedia&parent=5403"}],"wp:term":[{"taxonomy":"category","embeddable":true,"href":"https:\/\/encuentroinformativo.com.mx\/index.php?rest_route=%2Fwp%2Fv2%2Fcategories&post=5403"},{"taxonomy":"post_tag","embeddable":true,"href":"https:\/\/encuentroinformativo.com.mx\/index.php?rest_route=%2Fwp%2Fv2%2Ftags&post=5403"}],"curies":[{"name":"wp","href":"https:\/\/api.w.org\/{rel}","templated":true}]}}