{"id":54031,"date":"2024-05-04T12:02:09","date_gmt":"2024-05-04T18:02:09","guid":{"rendered":"https:\/\/encuentroinformativo.com.mx\/?p=54031"},"modified":"2024-05-04T12:02:17","modified_gmt":"2024-05-04T18:02:17","slug":"ninos-botean-en-calles-de-boca-del-rio-para-poder-viajar-a-torneo-regional-en-oaxaca","status":"publish","type":"post","link":"https:\/\/encuentroinformativo.com.mx\/?p=54031","title":{"rendered":"Ni\u00f1os &#8220;botean&#8221; en calles de Boca del R\u00edo para poder viajar a Torneo Regional en Oaxaca"},"content":{"rendered":"\n<p><strong>Alejandro \u00c1vila<\/strong><\/p>\n\n\n\n<p>Boca del R\u00edo, Ver.- Peque\u00f1os de 9 y 10 a\u00f1os del equipo Atl\u00e9tico Medell\u00edn &#8220;botean&#8221; en las calles del municipio de Boca del R\u00edo, para poder obtener recursos para sus gastos en el pr\u00f3ximo Torneo Regional de Oaxaca, a celebrarse durante la segunda quincena del mes de mayo.<\/p>\n\n\n\n<p>En compa\u00f1\u00eda de sus padres y entrenadores han intentado obtener recursos, y ya han visitado el estadio de b\u00e9isbol &#8220;Beto \u00c1vila&#8221;, las playas de los municipios de Veracruz y Boca del R\u00edo; y ahora tendr\u00e1n como base el crucero de la calle Ej\u00e9rcito Mexicano a la altura del Cabubi.<\/p>\n\n\n\n<p>Los talentos medellinenses obtuvieron su pase para el Torneo Regional del Distrito 5 de la regi\u00f3n 6 de Ligas Peque\u00f1as que se desarrolla del 15 al 22 de mayo en La Verde Antequera en Oaxaca, tras haber ganado a los representativos de Cardel, Soledad de Doblado, Xalapa y la Liga Beto \u00c1vila.<\/p>\n\n\n\n<p>&#8220;Los ni\u00f1os andan buscando recursos para su viaje, el beisbol infantil es un deporte muy caro, sabemos que no hay recurso por parte del Gobierno del Estado para solventar su viaje, por lo que pap\u00e1s, directivos, t\u00edos, abuelos, son los que apoyan a los ni\u00f1os para sus viajes, el cami\u00f3n tiene un costo aproximadamente de 42 mil pesos. El hotel te viene saliendo m\u00e1s o menos por familia en 4 mil pesos por los cuatro d\u00edas que se van a estar ah\u00ed en Oaxaca, s\u00ed los ni\u00f1os llegan a la final en autom\u00e1tico obtienen su pase para el torneo nacional que se celebrar\u00e1 en la ciudad de C\u00f3rdoba a finales de julio, y el equipo campe\u00f3n, quien gane en la ciudad de C\u00f3rdoba, viaja a la ciudad de Mayag\u00fcez al Torneo Latinoamericano de Ligas Peque\u00f1as&#8221;, mencion\u00f3 Omar D\u00edaz Molina, presidente Liga Regional de Medell\u00edn de Bravo.<\/p>\n\n\n\n<p>Los peque\u00f1os est\u00e1n siendo entrenados por, Amilcar Arano, Alejandro Romero, Luis Chavez, Luis Santos; los interesados en brindar apoyo econ\u00f3mico al equipo Atl\u00e9tico de Medell\u00edn podr\u00e1n reportarse el n\u00famero telef\u00f3nico 2299 588312.<\/p>\n","protected":false},"excerpt":{"rendered":"<p>Alejandro \u00c1vila Boca del R\u00edo, Ver.- Peque\u00f1os de 9 y 10 a\u00f1os del equipo Atl\u00e9tico Medell\u00edn &#8220;botean&#8221; en las calles del municipio de Boca del R\u00edo, para poder obtener recursos para sus gastos en el pr\u00f3ximo Torneo Regional de Oaxaca, a celebrarse durante la segunda quincena del mes de mayo. En compa\u00f1\u00eda de sus padres [&hellip;]<\/p>\n","protected":false},"author":2476,"featured_media":54032,"comment_status":"open","ping_status":"open","sticky":false,"template":"","format":"standard","meta":{"_jetpack_memberships_contains_paid_content":false,"footnotes":""},"categories":[2],"tags":[],"class_list":["post-54031","post","type-post","status-publish","format-standard","has-post-thumbnail","hentry","category-estado"],"jetpack_featured_media_url":"https:\/\/encuentroinformativo.com.mx\/wp-content\/uploads\/2024\/05\/IMG-20240504-WA0011.jpg","jetpack_sharing_enabled":true,"jetpack_likes_enabled":true,"amp_enabled":true,"_links":{"self":[{"href":"https:\/\/encuentroinformativo.com.mx\/index.php?rest_route=\/wp\/v2\/posts\/54031","targetHints":{"allow":["GET"]}}],"collection":[{"href":"https:\/\/encuentroinformativo.com.mx\/index.php?rest_route=\/wp\/v2\/posts"}],"about":[{"href":"https:\/\/encuentroinformativo.com.mx\/index.php?rest_route=\/wp\/v2\/types\/post"}],"author":[{"embeddable":true,"href":"https:\/\/encuentroinformativo.com.mx\/index.php?rest_route=\/wp\/v2\/users\/2476"}],"replies":[{"embeddable":true,"href":"https:\/\/encuentroinformativo.com.mx\/index.php?rest_route=%2Fwp%2Fv2%2Fcomments&post=54031"}],"version-history":[{"count":1,"href":"https:\/\/encuentroinformativo.com.mx\/index.php?rest_route=\/wp\/v2\/posts\/54031\/revisions"}],"predecessor-version":[{"id":54033,"href":"https:\/\/encuentroinformativo.com.mx\/index.php?rest_route=\/wp\/v2\/posts\/54031\/revisions\/54033"}],"wp:featuredmedia":[{"embeddable":true,"href":"https:\/\/encuentroinformativo.com.mx\/index.php?rest_route=\/wp\/v2\/media\/54032"}],"wp:attachment":[{"href":"https:\/\/encuentroinformativo.com.mx\/index.php?rest_route=%2Fwp%2Fv2%2Fmedia&parent=54031"}],"wp:term":[{"taxonomy":"category","embeddable":true,"href":"https:\/\/encuentroinformativo.com.mx\/index.php?rest_route=%2Fwp%2Fv2%2Fcategories&post=54031"},{"taxonomy":"post_tag","embeddable":true,"href":"https:\/\/encuentroinformativo.com.mx\/index.php?rest_route=%2Fwp%2Fv2%2Ftags&post=54031"}],"curies":[{"name":"wp","href":"https:\/\/api.w.org\/{rel}","templated":true}]}}