{"id":54040,"date":"2024-05-04T12:15:28","date_gmt":"2024-05-04T18:15:28","guid":{"rendered":"https:\/\/encuentroinformativo.com.mx\/?p=54040"},"modified":"2024-05-04T12:15:34","modified_gmt":"2024-05-04T18:15:34","slug":"memorable-concierto-de-edith-marquez-en-veracruz","status":"publish","type":"post","link":"https:\/\/encuentroinformativo.com.mx\/?p=54040","title":{"rendered":"Memorable concierto de Edith M\u00e1rquez en Veracruz"},"content":{"rendered":"\n<p><strong>Alejandro \u00c1vila<\/strong><\/p>\n\n\n\n<p>Veracruz, Ver.- Un memorable concierto ofreci\u00f3 la cantante, Edith M\u00e1rquez, en Veracruz, donde derroch\u00f3 elegancia en la celebraci\u00f3n de sus 25 a\u00f1os de carrera.<\/p>\n\n\n\n<p>En medio de aplausos y vivas, el aguacero de \u00e9xitos de Edith M\u00e1rquez inici\u00f3 con \u201cM\u00edrame\u201d, cautivando desde la primera nota a los presentes, quienes en ning\u00fan momento dudaron que esa noche ser\u00eda memorable.<\/p>\n\n\n\n<p>&#8220;Ya que voy a estar sin ti&#8221;, \u201cPor hablarle de ti\u201d, &#8220;So\u00f1\u00e9 que te perd\u00eda&#8221;, &#8220;Me voy&#8221; y &#8220;Esta vez&#8221;, fueron las canciones que siguieron en esta fiesta de cuarto de siglo que la cantante trajo a Veracruz, luego de muchos a\u00f1os de ausencia de nuestros escenarios.<\/p>\n\n\n\n<p>De las m\u00e1s ovacionadas de la noche y esperadas fueron \u201cNo te preocupes por m\u00ed\u201d, \u201cDej\u00e9moslo as\u00ed\u201d y \u201cCostumbres\u201d; pero \u201cAunque sea en otra vida\u201d termin\u00f3 por cuadrar por completo este show.<\/p>\n\n\n\n<p>Edith M\u00e1rquez rindi\u00f3 homenaje a dos grandes de la canci\u00f3n que ya trascendieron: Juan Gabriel y Roc\u00edo D\u00farcial con: \u201cLa Farsante\u201d, \u201cMe nace del coraz\u00f3n\u201d y \u201cNo vale la pena\u201d, \u201cMe gustas mucho\u201d, \u201cComo tu mujer\u201d, \u201cDesaires\u201d y \u201cCostumbres.<\/p>\n\n\n\n<p>Otras de las canciones con las que deleit\u00f3 a su p\u00fablico veracruzano fueron: \u201cYa que voy a estar sin ti\u201d, \u201cEse beso\u201d, \u201cSo\u00f1\u00e9 que te perd\u00eda\u201d, \u201cMe voy\u201d, \u201cEsta vez\u201d y \u201cAcost\u00fambrame al cielo\u201d, \u201cAunque sea en otra vida\u201d, por citar s\u00f3lo algunas.<\/p>\n\n\n\n<p>Edith M\u00e1rquez tuvo dos cambios de vestuario, una gran orquesta, coros y mariachi, pero sobre todo un p\u00fablico veracruzano que la ama y que disfrut\u00f3 de principio a fin su tour \u201c25 a\u00f1os Frente a Ti\u201d.<\/p>\n\n\n\n<p>La cantante no pod\u00eda irse de Veracruz sin cantar el \u00e9xito que la lanz\u00f3 al estrellato y que le abri\u00f3 las puertas en Am\u00e9rica y Europa, de la autor\u00eda de Bruno Danzza: \u201cMi error, mi fantas\u00eda\u201d, siendo as\u00ed un gran cierre con broche de oro.<\/p>\n\n\n\n<p>Sin duda alguna RA Representaciones Art\u00edsticas se anota un contundente \u00e9xito con el tour de Edith M\u00e1rquez \u201c25 a\u00f1os Frente a Ti\u201d en Veracruz, comprometi\u00e9ndose esta empresa del entretenimiento en un pr\u00f3ximo concierto de otra de las grandes estrellas del firmamento musical internacional.<\/p>\n","protected":false},"excerpt":{"rendered":"<p>Alejandro \u00c1vila Veracruz, Ver.- Un memorable concierto ofreci\u00f3 la cantante, Edith M\u00e1rquez, en Veracruz, donde derroch\u00f3 elegancia en la celebraci\u00f3n de sus 25 a\u00f1os de carrera. En medio de aplausos y vivas, el aguacero de \u00e9xitos de Edith M\u00e1rquez inici\u00f3 con \u201cM\u00edrame\u201d, cautivando desde la primera nota a los presentes, quienes en ning\u00fan momento dudaron [&hellip;]<\/p>\n","protected":false},"author":2476,"featured_media":54041,"comment_status":"open","ping_status":"open","sticky":false,"template":"","format":"standard","meta":{"_jetpack_memberships_contains_paid_content":false,"footnotes":""},"categories":[2],"tags":[],"class_list":["post-54040","post","type-post","status-publish","format-standard","has-post-thumbnail","hentry","category-estado"],"jetpack_featured_media_url":"https:\/\/encuentroinformativo.com.mx\/wp-content\/uploads\/2024\/05\/IMG-20240504-WA00183.jpg","jetpack_sharing_enabled":true,"jetpack_likes_enabled":true,"amp_enabled":true,"_links":{"self":[{"href":"https:\/\/encuentroinformativo.com.mx\/index.php?rest_route=\/wp\/v2\/posts\/54040","targetHints":{"allow":["GET"]}}],"collection":[{"href":"https:\/\/encuentroinformativo.com.mx\/index.php?rest_route=\/wp\/v2\/posts"}],"about":[{"href":"https:\/\/encuentroinformativo.com.mx\/index.php?rest_route=\/wp\/v2\/types\/post"}],"author":[{"embeddable":true,"href":"https:\/\/encuentroinformativo.com.mx\/index.php?rest_route=\/wp\/v2\/users\/2476"}],"replies":[{"embeddable":true,"href":"https:\/\/encuentroinformativo.com.mx\/index.php?rest_route=%2Fwp%2Fv2%2Fcomments&post=54040"}],"version-history":[{"count":1,"href":"https:\/\/encuentroinformativo.com.mx\/index.php?rest_route=\/wp\/v2\/posts\/54040\/revisions"}],"predecessor-version":[{"id":54042,"href":"https:\/\/encuentroinformativo.com.mx\/index.php?rest_route=\/wp\/v2\/posts\/54040\/revisions\/54042"}],"wp:featuredmedia":[{"embeddable":true,"href":"https:\/\/encuentroinformativo.com.mx\/index.php?rest_route=\/wp\/v2\/media\/54041"}],"wp:attachment":[{"href":"https:\/\/encuentroinformativo.com.mx\/index.php?rest_route=%2Fwp%2Fv2%2Fmedia&parent=54040"}],"wp:term":[{"taxonomy":"category","embeddable":true,"href":"https:\/\/encuentroinformativo.com.mx\/index.php?rest_route=%2Fwp%2Fv2%2Fcategories&post=54040"},{"taxonomy":"post_tag","embeddable":true,"href":"https:\/\/encuentroinformativo.com.mx\/index.php?rest_route=%2Fwp%2Fv2%2Ftags&post=54040"}],"curies":[{"name":"wp","href":"https:\/\/api.w.org\/{rel}","templated":true}]}}