{"id":54046,"date":"2024-05-04T12:50:46","date_gmt":"2024-05-04T18:50:46","guid":{"rendered":"https:\/\/encuentroinformativo.com.mx\/?p=54046"},"modified":"2024-05-04T12:50:52","modified_gmt":"2024-05-04T18:50:52","slug":"cuerpos-de-emergencia-atendieron-incendio-en-plaza-mocambo","status":"publish","type":"post","link":"https:\/\/encuentroinformativo.com.mx\/?p=54046","title":{"rendered":"Cuerpos de emergencia atendieron incendio en plaza Mocambo"},"content":{"rendered":"\n<p><strong>Redacci\u00f3n<\/strong> <\/p>\n\n\n\n<p>Boca del R\u00edo, Ver.- Cuerpos de emergencia atendieron de manera oportuna el incendio que se registr\u00f3 la ma\u00f1ana de este s\u00e1bado en Plaza Mocambo, sin que haya v\u00edctimas que lamentar as\u00ed lo inform\u00f3 el alcalde Juan Manuel de Unanue Abascal.<\/p>\n\n\n\n<p>A trav\u00e9s de redes sociales el presidente municipal reconoci\u00f3 la intervenci\u00f3n oportuna de las distintas corporaciones. <\/p>\n\n\n\n<p>Ante lo cual precis\u00f3:  &#8220;Desde muy temprano fuerza de tarea conformada por Bomberos Conurbados, Protecci\u00f3n Civil Municipal, Polic\u00eda Estatal y la Polic\u00eda Municipal, atendieron un llamado de auxilio por un incendio ocurrido en un establecimiento comercial, ubicado en la zona de Plaza Mocambo&#8221;.<\/p>\n\n\n\n<p>El siniestro se encuentra controlado gracias a la oportuna intervenci\u00f3n de Bomberos Conurbados y de la fuerza de tarea y no representa riesgo alguno para la poblaci\u00f3n. El incidente no dej\u00f3 personas lesionadas, solo da\u00f1os parciales en el \u00e1rea de cocina.<\/p>\n\n\n\n<p>Detall\u00f3 Unanue Abascal a trav\u00e9s de su p\u00e1gina de <em>Facebook<\/em>. <\/p>\n","protected":false},"excerpt":{"rendered":"<p>Redacci\u00f3n Boca del R\u00edo, Ver.- Cuerpos de emergencia atendieron de manera oportuna el incendio que se registr\u00f3 la ma\u00f1ana de este s\u00e1bado en Plaza Mocambo, sin que haya v\u00edctimas que lamentar as\u00ed lo inform\u00f3 el alcalde Juan Manuel de Unanue Abascal. A trav\u00e9s de redes sociales el presidente municipal reconoci\u00f3 la intervenci\u00f3n oportuna de las [&hellip;]<\/p>\n","protected":false},"author":2476,"featured_media":50142,"comment_status":"open","ping_status":"open","sticky":false,"template":"","format":"standard","meta":{"_jetpack_memberships_contains_paid_content":false,"footnotes":""},"categories":[2],"tags":[],"class_list":["post-54046","post","type-post","status-publish","format-standard","has-post-thumbnail","hentry","category-estado"],"jetpack_featured_media_url":"https:\/\/encuentroinformativo.com.mx\/wp-content\/uploads\/2024\/02\/Screenshot_20240201-180334.png","jetpack_sharing_enabled":true,"jetpack_likes_enabled":true,"amp_enabled":true,"_links":{"self":[{"href":"https:\/\/encuentroinformativo.com.mx\/index.php?rest_route=\/wp\/v2\/posts\/54046","targetHints":{"allow":["GET"]}}],"collection":[{"href":"https:\/\/encuentroinformativo.com.mx\/index.php?rest_route=\/wp\/v2\/posts"}],"about":[{"href":"https:\/\/encuentroinformativo.com.mx\/index.php?rest_route=\/wp\/v2\/types\/post"}],"author":[{"embeddable":true,"href":"https:\/\/encuentroinformativo.com.mx\/index.php?rest_route=\/wp\/v2\/users\/2476"}],"replies":[{"embeddable":true,"href":"https:\/\/encuentroinformativo.com.mx\/index.php?rest_route=%2Fwp%2Fv2%2Fcomments&post=54046"}],"version-history":[{"count":1,"href":"https:\/\/encuentroinformativo.com.mx\/index.php?rest_route=\/wp\/v2\/posts\/54046\/revisions"}],"predecessor-version":[{"id":54047,"href":"https:\/\/encuentroinformativo.com.mx\/index.php?rest_route=\/wp\/v2\/posts\/54046\/revisions\/54047"}],"wp:featuredmedia":[{"embeddable":true,"href":"https:\/\/encuentroinformativo.com.mx\/index.php?rest_route=\/wp\/v2\/media\/50142"}],"wp:attachment":[{"href":"https:\/\/encuentroinformativo.com.mx\/index.php?rest_route=%2Fwp%2Fv2%2Fmedia&parent=54046"}],"wp:term":[{"taxonomy":"category","embeddable":true,"href":"https:\/\/encuentroinformativo.com.mx\/index.php?rest_route=%2Fwp%2Fv2%2Fcategories&post=54046"},{"taxonomy":"post_tag","embeddable":true,"href":"https:\/\/encuentroinformativo.com.mx\/index.php?rest_route=%2Fwp%2Fv2%2Ftags&post=54046"}],"curies":[{"name":"wp","href":"https:\/\/api.w.org\/{rel}","templated":true}]}}