{"id":54065,"date":"2024-05-04T17:23:51","date_gmt":"2024-05-04T23:23:51","guid":{"rendered":"https:\/\/encuentroinformativo.com.mx\/?p=54065"},"modified":"2024-05-04T23:27:01","modified_gmt":"2024-05-05T05:27:01","slug":"sin-luz-en-jamapa-candidato-de-mc-casi-cancela-evento-de-dia-de-las-madres","status":"publish","type":"post","link":"https:\/\/encuentroinformativo.com.mx\/?p=54065","title":{"rendered":"Sin luz en Jamapa, candidato de MC casi cancela evento de D\u00eda de las Madres"},"content":{"rendered":"\n<p><strong>Alejandro \u00c1vila<\/strong><\/p>\n\n\n\n<p>Jamapa, Ver.- El festejo del D\u00eda de las Madres que prepar\u00f3 el candidato de Movimiento Ciudadano por el Distrito 16, Pablo Caballero P\u00e9rez, estuvo a punto de ser suspendido debido a que la cabecera municipal no cuenta con energ\u00eda el\u00e9ctrica.<\/p>\n\n\n\n<p>El presidente de la Fundaci\u00f3n CBRO, mencion\u00f3 que esta es una problem\u00e1tica constante que sufren los 11 mil habitantes del municipio, ya que se reportan fallas en el suministro de energ\u00eda el\u00e9ctrica al menos 3 veces por semana.<\/p>\n\n\n\n<p>&#8220;Una es la luz, no tenemos luz, tuvimos que traer trae una planta porque el d\u00eda de hoy no hay luz en el municipio, al no haber luz no hay agua, entonces es una gran problem\u00e1tica, que a pesar de que tenemos el r\u00edo Jamapa aqu\u00ed, no hay agua en el municipio de Jamapa&#8221;, expres\u00f3.<\/p>\n\n\n\n<p>El integrante del movimiento naranja estuvo acompa\u00f1ado la tarde de este s\u00e1bado por su esposa y candidata a la diputaci\u00f3n federal por el Distrito 12, Kary Guzm\u00e1n; adem\u00e1s del candidato a diputado federal, Ferrer Galv\u00e1n; y de Adri\u00e1n \u00c1vila, integrante del Comit\u00e9 de Directivo Estatal de Movimiento Ciudadano en Veracruz; todos agasajaron a las madres de familia que se dieron cita en el evento realizado en una Finca de la cabecera municipal de Jamapa.<\/p>\n\n\n\n<p>&#8220;Yo s\u00e9 que juntos, como equipo, vamos a poder solucionar ese problema aqu\u00ed en el municipio de Jamapa, debido a que ya la instalaci\u00f3n el\u00e9ctrica que existe aqu\u00ed en la cabecera, ya rebas\u00f3 cuando fue creada para este municipio, hoy el n\u00famero de habitantes ya ha rebasado ese sistema el\u00e9ctrico, es necesario darle ya un mantenimiento y un cambio, debido a los habitantes que hay hoy en d\u00eda en Jamapa&#8221;, culmin\u00f3.<\/p>\n","protected":false},"excerpt":{"rendered":"<p>Alejandro \u00c1vila Jamapa, Ver.- El festejo del D\u00eda de las Madres que prepar\u00f3 el candidato de Movimiento Ciudadano por el Distrito 16, Pablo Caballero P\u00e9rez, estuvo a punto de ser suspendido debido a que la cabecera municipal no cuenta con energ\u00eda el\u00e9ctrica. El presidente de la Fundaci\u00f3n CBRO, mencion\u00f3 que esta es una problem\u00e1tica constante [&hellip;]<\/p>\n","protected":false},"author":2476,"featured_media":54066,"comment_status":"open","ping_status":"open","sticky":false,"template":"","format":"standard","meta":{"_jetpack_memberships_contains_paid_content":false,"footnotes":""},"categories":[2],"tags":[],"class_list":["post-54065","post","type-post","status-publish","format-standard","has-post-thumbnail","hentry","category-estado"],"jetpack_featured_media_url":"https:\/\/encuentroinformativo.com.mx\/wp-content\/uploads\/2024\/05\/IMG-20240504-WA0096.jpg","jetpack_sharing_enabled":true,"jetpack_likes_enabled":true,"amp_enabled":true,"_links":{"self":[{"href":"https:\/\/encuentroinformativo.com.mx\/index.php?rest_route=\/wp\/v2\/posts\/54065","targetHints":{"allow":["GET"]}}],"collection":[{"href":"https:\/\/encuentroinformativo.com.mx\/index.php?rest_route=\/wp\/v2\/posts"}],"about":[{"href":"https:\/\/encuentroinformativo.com.mx\/index.php?rest_route=\/wp\/v2\/types\/post"}],"author":[{"embeddable":true,"href":"https:\/\/encuentroinformativo.com.mx\/index.php?rest_route=\/wp\/v2\/users\/2476"}],"replies":[{"embeddable":true,"href":"https:\/\/encuentroinformativo.com.mx\/index.php?rest_route=%2Fwp%2Fv2%2Fcomments&post=54065"}],"version-history":[{"count":1,"href":"https:\/\/encuentroinformativo.com.mx\/index.php?rest_route=\/wp\/v2\/posts\/54065\/revisions"}],"predecessor-version":[{"id":54067,"href":"https:\/\/encuentroinformativo.com.mx\/index.php?rest_route=\/wp\/v2\/posts\/54065\/revisions\/54067"}],"wp:featuredmedia":[{"embeddable":true,"href":"https:\/\/encuentroinformativo.com.mx\/index.php?rest_route=\/wp\/v2\/media\/54066"}],"wp:attachment":[{"href":"https:\/\/encuentroinformativo.com.mx\/index.php?rest_route=%2Fwp%2Fv2%2Fmedia&parent=54065"}],"wp:term":[{"taxonomy":"category","embeddable":true,"href":"https:\/\/encuentroinformativo.com.mx\/index.php?rest_route=%2Fwp%2Fv2%2Fcategories&post=54065"},{"taxonomy":"post_tag","embeddable":true,"href":"https:\/\/encuentroinformativo.com.mx\/index.php?rest_route=%2Fwp%2Fv2%2Ftags&post=54065"}],"curies":[{"name":"wp","href":"https:\/\/api.w.org\/{rel}","templated":true}]}}