{"id":5407,"date":"2020-09-01T10:42:45","date_gmt":"2020-09-01T15:42:45","guid":{"rendered":"https:\/\/encuentroinformativo.com\/?p=5407"},"modified":"2020-09-01T10:42:47","modified_gmt":"2020-09-01T15:42:47","slug":"pepe-barrios-y-ahued","status":"publish","type":"post","link":"https:\/\/encuentroinformativo.com.mx\/?p=5407","title":{"rendered":"Pepe, Barrios y Ahued"},"content":{"rendered":"\n<p><strong>Los Pol\u00edticos<\/strong><\/p>\n\n\n\n<p><strong>Salvador Mu\u00f1oz<\/strong><br><\/p>\n\n\n\n<p>Ahora que sali\u00f3 a relucir el nombre de Pepe Yunes como precandidato por una curul federal, es bien recibido por un grupo de priistas, aunque por otro lado, hay quienes de cierto modo reclaman su ausencia, su silencio y hasta cierto modo, su ego\u00edsmo. Explico: Si bien, sigue siendo visto como una de las mejores cartas del PRI, al momento de su derrota, dicen, Pepe no fue el \u00fanico que perdi\u00f3, sino tambi\u00e9n el PRI, as\u00ed como la gente y militancia que confi\u00f3 en \u00e9l, y en lugar de buscar la unidad en uno de los momentos m\u00e1s oscuros para el partido, simplemente Yunes Zorrilla se escondi\u00f3 para lamer sus heridas cuando era el momento de levantar la cara y hacer frente al resultado negativo, convertirse en l\u00edder en la adversidad y volverse el ariete del Revolucionario que marcara la pauta por la autoridad moral que el pri\u00edsmo y la sociedad le confieren\u2026 pero, insisten, se escondi\u00f3.<\/p>\n\n\n\n<p>Hoy, lo citan para competir por una curul federal, y aunque \u00e9l no ha dicho \u201cesta boca m\u00eda\u201d, se cree que si en sus planes est\u00e1 tal decisi\u00f3n, primero, antes que nada, debe explicar su silencio a los militantes, a la sociedad que crey\u00f3 en \u00e9l\u2026<\/p>\n\n\n\n<p>II&nbsp;<\/p>\n\n\n\n<p>Si uno visita San Andr\u00e9s Tuxtla en fin de semana, adem\u00e1s de admirar sus bellezas naturales, puede deleitarse con esa exquisita gastronom\u00eda que lo hace a\u00fan m\u00e1s especial\u2026 imagine unas empanadas para cenar con la familia, hechas con esas manos que generaci\u00f3n tras generaci\u00f3n, van compartiendo el saz\u00f3n que las hace tan los Tuxtlas\u2026 imperdonable es el desayuno en el restaurante del hotel Del Parque, La Bicicleta o Winnis, puntos obligados para decir que se visit\u00f3 San Andr\u00e9s.<\/p>\n\n\n\n<p>Pero si se trata de probar un caf\u00e9 entre pol\u00edticos y grillos, es en Winnis donde se re\u00fane a menudo un grupo nutrido de amigos que integran \u201cLa Mesa de Trabajo\u201d, todos originarios del municipio: profesionistas, empresarios, comerciantes, servidores y ex servidores p\u00fablicos, que se dan cita a menudo para compartir el pan y la sal y platicar vivencias y a an\u00e9cdotas de su municipio. Entre los integrantes de la Mesa est\u00e1 Rogelio Barrios, quien se ha distinguido por su perfil y eficiencia en los cargos que ha ostentado. En el orden municipal fue 3 veces tesorero de los ayuntamientos de San Andr\u00e9s, Tierra Blanca y Orizaba. Las cuentas claras, amistades largas y el chocolate espeso. En el gobierno del estado su \u00faltimo encargo fue en Pol\u00edtica Regional donde no requiri\u00f3 el uso \u201cdel garrote\u201d como instrumento de sumisi\u00f3n, sino que su fino trato le permiti\u00f3 hacer amigos en su paso por esa complicada dependencia, mismos que reconocen que Barrios Ortega siempre los trat\u00f3 con caballerosidad y deferencia, pero lo m\u00e1s importante, con dignidad.<\/p>\n\n\n\n<p>Hace unos d\u00edas se dio a conocer la posibilidad de que fuera abanderado por una curul para el proceso electoral del pr\u00f3ximo a\u00f1o sin definir qu\u00e9 partido lo respaldar\u00eda como candidato ciudadano. En la Mesa, la posibilidad es bien recibida pues ven en \u00e9l a un factor de unidad, ya que tiene buena relaci\u00f3n con todos los grupos de la zona, hombre conciliador, con experiencia y lo m\u00e1s importante, con buena aceptaci\u00f3n y reputaci\u00f3n en estos tiempos donde ser pol\u00edtico se ha vuelto un r\u00e1pido desprestigio a la imagen p\u00fablica.<\/p>\n\n\n\n<p>\u00a1Ah! Y cuando puedan, esc\u00e1pense a los Tuxtlas&#8230;&nbsp;<\/p>\n\n\n\n<p>III<\/p>\n\n\n\n<p>No me hagan caso, pero dicen en Morena que ya encontraron la respuesta para contender con candidato de peso y tratar de mantener en sus manos a la capital del Estado tras el deprimente trabajo que viene haciendo Hip\u00f3lito Rodr\u00edguez Herrero: \u00a1Ricardo Ahued! pero la cuartilla se nos ha terminado\u2026 \u00a1ma\u00f1ana le seguimos!<br><\/p>\n\n\n\n<p><a href=\"mailto:smcainito@gmail.com\" target=\"_blank\" rel=\"noreferrer noopener\">smcainito@gmail.com<\/a><\/p>\n","protected":false},"excerpt":{"rendered":"<p>Los Pol\u00edticos Salvador Mu\u00f1oz Ahora que sali\u00f3 a relucir el nombre de Pepe Yunes como precandidato por una curul federal, es bien recibido por un grupo de priistas, aunque por otro lado, hay quienes de cierto modo reclaman su ausencia, su silencio y hasta cierto modo, su ego\u00edsmo. Explico: Si bien, sigue siendo visto como [&hellip;]<\/p>\n","protected":false},"author":1,"featured_media":387,"comment_status":"open","ping_status":"open","sticky":false,"template":"","format":"standard","meta":{"_jetpack_memberships_contains_paid_content":false,"footnotes":""},"categories":[11],"tags":[],"class_list":["post-5407","post","type-post","status-publish","format-standard","has-post-thumbnail","hentry","category-opinion"],"jetpack_featured_media_url":"https:\/\/encuentroinformativo.com.mx\/wp-content\/uploads\/2020\/03\/7CF8A22B-2764-47BE-8F7F-38FE9E5D6A2F.jpeg","jetpack_sharing_enabled":true,"jetpack_likes_enabled":true,"amp_enabled":true,"_links":{"self":[{"href":"https:\/\/encuentroinformativo.com.mx\/index.php?rest_route=\/wp\/v2\/posts\/5407","targetHints":{"allow":["GET"]}}],"collection":[{"href":"https:\/\/encuentroinformativo.com.mx\/index.php?rest_route=\/wp\/v2\/posts"}],"about":[{"href":"https:\/\/encuentroinformativo.com.mx\/index.php?rest_route=\/wp\/v2\/types\/post"}],"author":[{"embeddable":true,"href":"https:\/\/encuentroinformativo.com.mx\/index.php?rest_route=\/wp\/v2\/users\/1"}],"replies":[{"embeddable":true,"href":"https:\/\/encuentroinformativo.com.mx\/index.php?rest_route=%2Fwp%2Fv2%2Fcomments&post=5407"}],"version-history":[{"count":1,"href":"https:\/\/encuentroinformativo.com.mx\/index.php?rest_route=\/wp\/v2\/posts\/5407\/revisions"}],"predecessor-version":[{"id":5408,"href":"https:\/\/encuentroinformativo.com.mx\/index.php?rest_route=\/wp\/v2\/posts\/5407\/revisions\/5408"}],"wp:featuredmedia":[{"embeddable":true,"href":"https:\/\/encuentroinformativo.com.mx\/index.php?rest_route=\/wp\/v2\/media\/387"}],"wp:attachment":[{"href":"https:\/\/encuentroinformativo.com.mx\/index.php?rest_route=%2Fwp%2Fv2%2Fmedia&parent=5407"}],"wp:term":[{"taxonomy":"category","embeddable":true,"href":"https:\/\/encuentroinformativo.com.mx\/index.php?rest_route=%2Fwp%2Fv2%2Fcategories&post=5407"},{"taxonomy":"post_tag","embeddable":true,"href":"https:\/\/encuentroinformativo.com.mx\/index.php?rest_route=%2Fwp%2Fv2%2Ftags&post=5407"}],"curies":[{"name":"wp","href":"https:\/\/api.w.org\/{rel}","templated":true}]}}