{"id":54076,"date":"2024-05-05T18:05:42","date_gmt":"2024-05-06T00:05:42","guid":{"rendered":"https:\/\/encuentroinformativo.com.mx\/?p=54076"},"modified":"2024-05-05T18:05:48","modified_gmt":"2024-05-06T00:05:48","slug":"ubica-salud-focos-rojos-por-casos-de-dengue","status":"publish","type":"post","link":"https:\/\/encuentroinformativo.com.mx\/?p=54076","title":{"rendered":"Ubica Salud focos rojos por casos de dengue"},"content":{"rendered":"\n<p><strong>Juan Arcos <\/strong><\/p>\n\n\n\n<p>Xalapa, Ver.- En el estado de Veracruz se han ubicado al menos cuatro focos rojos por contagios de dengue, seg\u00fan datos de la Secretar\u00eda de Salud federal.<\/p>\n\n\n\n<p>Cosamaloapan, ubicado en la cuenca del r\u00edo Papaloapan, es el municipio con m\u00e1s casos: 42 de dengue cl\u00e1sico y 81 con signos de alarma.<\/p>\n\n\n\n<p>Le sigue Amatitl\u00e1n, localizado en la misma regi\u00f3n del estado, con cinco casos cl\u00e1sicos y nueve con signos de alarma<strong>.<\/strong>Tambi\u00e9n destaca el municipio de Carlos A. Carrillo, ubicado en la zona costera central, tiene nueve casos cl\u00e1sicos y 30 con signos de alarma.<\/p>\n\n\n\n<p>Mientras que el municipio de Tuxtilla, localizado en la zona sur de la entidad, tambi\u00e9n en la ciencia del Papaloapan, ha tenido dos con signos de alarma.<\/p>\n\n\n\n<p>Veracruz ocupa el segundo lugar a nivel nacional con el mayor n\u00famero de defunciones por probables casos de dengue, revel\u00f3 el informe semanal Epidemiol\u00f3gico de Dengue en M\u00e9xico,<\/p>\n\n\n\n<p>La Secretar\u00eda de Salud analiza 25 decesos en la entidad, pero no se ha confirmado si sucedieron por dengue.<\/p>\n\n\n\n<p>Veracruz se ubica en la segunda posici\u00f3n, solo por debajo de Guerrero, donde se han contabilizado 38 casos.\u00a0<\/p>\n","protected":false},"excerpt":{"rendered":"<p>Juan Arcos Xalapa, Ver.- En el estado de Veracruz se han ubicado al menos cuatro focos rojos por contagios de dengue, seg\u00fan datos de la Secretar\u00eda de Salud federal. Cosamaloapan, ubicado en la cuenca del r\u00edo Papaloapan, es el municipio con m\u00e1s casos: 42 de dengue cl\u00e1sico y 81 con signos de alarma. Le sigue [&hellip;]<\/p>\n","protected":false},"author":2476,"featured_media":54077,"comment_status":"open","ping_status":"open","sticky":false,"template":"","format":"standard","meta":{"_jetpack_memberships_contains_paid_content":false,"footnotes":""},"categories":[9],"tags":[],"class_list":["post-54076","post","type-post","status-publish","format-standard","has-post-thumbnail","hentry","category-salud"],"jetpack_featured_media_url":"https:\/\/encuentroinformativo.com.mx\/wp-content\/uploads\/2024\/05\/IMG_7424.jpg","jetpack_sharing_enabled":true,"jetpack_likes_enabled":true,"amp_enabled":true,"_links":{"self":[{"href":"https:\/\/encuentroinformativo.com.mx\/index.php?rest_route=\/wp\/v2\/posts\/54076","targetHints":{"allow":["GET"]}}],"collection":[{"href":"https:\/\/encuentroinformativo.com.mx\/index.php?rest_route=\/wp\/v2\/posts"}],"about":[{"href":"https:\/\/encuentroinformativo.com.mx\/index.php?rest_route=\/wp\/v2\/types\/post"}],"author":[{"embeddable":true,"href":"https:\/\/encuentroinformativo.com.mx\/index.php?rest_route=\/wp\/v2\/users\/2476"}],"replies":[{"embeddable":true,"href":"https:\/\/encuentroinformativo.com.mx\/index.php?rest_route=%2Fwp%2Fv2%2Fcomments&post=54076"}],"version-history":[{"count":1,"href":"https:\/\/encuentroinformativo.com.mx\/index.php?rest_route=\/wp\/v2\/posts\/54076\/revisions"}],"predecessor-version":[{"id":54078,"href":"https:\/\/encuentroinformativo.com.mx\/index.php?rest_route=\/wp\/v2\/posts\/54076\/revisions\/54078"}],"wp:featuredmedia":[{"embeddable":true,"href":"https:\/\/encuentroinformativo.com.mx\/index.php?rest_route=\/wp\/v2\/media\/54077"}],"wp:attachment":[{"href":"https:\/\/encuentroinformativo.com.mx\/index.php?rest_route=%2Fwp%2Fv2%2Fmedia&parent=54076"}],"wp:term":[{"taxonomy":"category","embeddable":true,"href":"https:\/\/encuentroinformativo.com.mx\/index.php?rest_route=%2Fwp%2Fv2%2Fcategories&post=54076"},{"taxonomy":"post_tag","embeddable":true,"href":"https:\/\/encuentroinformativo.com.mx\/index.php?rest_route=%2Fwp%2Fv2%2Ftags&post=54076"}],"curies":[{"name":"wp","href":"https:\/\/api.w.org\/{rel}","templated":true}]}}