{"id":54081,"date":"2024-05-05T18:11:52","date_gmt":"2024-05-06T00:11:52","guid":{"rendered":"https:\/\/encuentroinformativo.com.mx\/?p=54081"},"modified":"2024-05-05T18:12:01","modified_gmt":"2024-05-06T00:12:01","slug":"con-morena-ni-justicia-ni-democracia-americo-zuniga","status":"publish","type":"post","link":"https:\/\/encuentroinformativo.com.mx\/?p=54081","title":{"rendered":"Con Morena, ni justicia ni democracia: Am\u00e9rico Z\u00fa\u00f1iga"},"content":{"rendered":"\n<ul class=\"wp-block-list\"><li>Hay que defender al pa\u00eds con el coraz\u00f3n y el valor del voto, se\u00f1ala<\/li><\/ul>\n\n\n\n<p>Xalapa, Ver.- El 5 de Mayo es una fecha que nos recuerda la defensa de nuestra soberania, y hoy tenemos que luchar con valor y coraz\u00f3n por nuestro pa\u00eds, expuso el candidato a la diputaci\u00f3n federal por Xalapa, Am\u00e9rico Z\u00fa\u00f1iga Mart\u00ednez.<\/p>\n\n\n\n<p>&#8220;Hoy la amenaza no es un pa\u00eds ajeno, sino un r\u00e9gimen autoritario que quiere destruir la democracia, nuestros derechos y libertades&#8221;, fustig\u00f3.<\/p>\n\n\n\n<p>El abanderado de la coalici\u00f3n Fuerza y Coraz\u00f3n por M\u00e9xico dijo que hoy tenemos de nuestro lado la fuerza de los votos para luchar por nuestro pa\u00eds.<\/p>\n\n\n\n<p>Am\u00e9rico Z\u00fa\u00f1iga Mart\u00ednez subray\u00f3 que peligra la democracia, la transparencia y la justicia.<\/p>\n\n\n\n<p>&#8220;Morena quiere acabar con el INE para ser \u00e1rbitro y jugador; quiere hacer una reforma judicial para poner como ministros y jueces a incondicionales, quiere desaparecer el INAI para que puedan seguir robando&#8221;, se\u00f1al\u00f3 el candidato.<\/p>\n\n\n\n<p>Por eso, expuso que los ciudadanos deben mantenerse firmes, y votar por la coalici\u00f3n Fuerza y Coraz\u00f3n por M\u00e9xico.<\/p>\n\n\n\n<p>&#8220;Para preservar nuestra libertad, nuestras instituciones, para frenar los abusos&#8221;, agreg\u00f3 Z\u00fa\u00f1iga Mart\u00ednez.<\/p>\n\n\n\n<p>Este domingo, el candidato realiz\u00f3 un recorrido por las colonias Predio de la Virgen y Margarita Maza de Ju\u00e1rez, acompa\u00f1ado de la candidata a la diputaci\u00f3n local por el Distrito XI de Xalapa, Adriana Rojano Pazzi. De manera previa acudieron a una reuni\u00f3n con vecinos en donde estuvo presente la candidata al Senado, Sara Ladr\u00f3n de Guevara.<\/p>\n\n\n\n<p>Tambi\u00e9n recorri\u00f3 junto con el candidato a la diputaci\u00f3n local por el Distrito X de Xalapa, Sergio Hern\u00e1ndez Hern\u00e1ndez, el barrio del Dique y las colonias aleda\u00f1as como la Felipe Carrillo Puerto.<\/p>\n\n\n\n<p>Adem\u00e1s, en compa\u00f1\u00eda de sus tres hijos y su esposa Mariana Yorio de Z\u00fa\u00f1iga, acudi\u00f3 a un convivio por el D\u00eda del Ni\u00f1o y de la Ni\u00f1a con militantes y simpatizantes de una decena de colonias xalape\u00f1as.<\/p>\n","protected":false},"excerpt":{"rendered":"<p>Hay que defender al pa\u00eds con el coraz\u00f3n y el valor del voto, se\u00f1ala Xalapa, Ver.- El 5 de Mayo es una fecha que nos recuerda la defensa de nuestra soberania, y hoy tenemos que luchar con valor y coraz\u00f3n por nuestro pa\u00eds, expuso el candidato a la diputaci\u00f3n federal por Xalapa, Am\u00e9rico Z\u00fa\u00f1iga Mart\u00ednez. [&hellip;]<\/p>\n","protected":false},"author":2476,"featured_media":54080,"comment_status":"open","ping_status":"open","sticky":false,"template":"","format":"standard","meta":{"_jetpack_memberships_contains_paid_content":false,"footnotes":""},"categories":[3],"tags":[],"class_list":["post-54081","post","type-post","status-publish","format-standard","has-post-thumbnail","hentry","category-xalapa"],"jetpack_featured_media_url":"https:\/\/encuentroinformativo.com.mx\/wp-content\/uploads\/2024\/05\/IMG-20240505-WA0098-scaled.jpg","jetpack_sharing_enabled":true,"jetpack_likes_enabled":true,"amp_enabled":true,"_links":{"self":[{"href":"https:\/\/encuentroinformativo.com.mx\/index.php?rest_route=\/wp\/v2\/posts\/54081","targetHints":{"allow":["GET"]}}],"collection":[{"href":"https:\/\/encuentroinformativo.com.mx\/index.php?rest_route=\/wp\/v2\/posts"}],"about":[{"href":"https:\/\/encuentroinformativo.com.mx\/index.php?rest_route=\/wp\/v2\/types\/post"}],"author":[{"embeddable":true,"href":"https:\/\/encuentroinformativo.com.mx\/index.php?rest_route=\/wp\/v2\/users\/2476"}],"replies":[{"embeddable":true,"href":"https:\/\/encuentroinformativo.com.mx\/index.php?rest_route=%2Fwp%2Fv2%2Fcomments&post=54081"}],"version-history":[{"count":1,"href":"https:\/\/encuentroinformativo.com.mx\/index.php?rest_route=\/wp\/v2\/posts\/54081\/revisions"}],"predecessor-version":[{"id":54083,"href":"https:\/\/encuentroinformativo.com.mx\/index.php?rest_route=\/wp\/v2\/posts\/54081\/revisions\/54083"}],"wp:featuredmedia":[{"embeddable":true,"href":"https:\/\/encuentroinformativo.com.mx\/index.php?rest_route=\/wp\/v2\/media\/54080"}],"wp:attachment":[{"href":"https:\/\/encuentroinformativo.com.mx\/index.php?rest_route=%2Fwp%2Fv2%2Fmedia&parent=54081"}],"wp:term":[{"taxonomy":"category","embeddable":true,"href":"https:\/\/encuentroinformativo.com.mx\/index.php?rest_route=%2Fwp%2Fv2%2Fcategories&post=54081"},{"taxonomy":"post_tag","embeddable":true,"href":"https:\/\/encuentroinformativo.com.mx\/index.php?rest_route=%2Fwp%2Fv2%2Ftags&post=54081"}],"curies":[{"name":"wp","href":"https:\/\/api.w.org\/{rel}","templated":true}]}}