{"id":54084,"date":"2024-05-05T18:15:06","date_gmt":"2024-05-06T00:15:06","guid":{"rendered":"https:\/\/encuentroinformativo.com.mx\/?p=54084"},"modified":"2024-05-05T18:15:12","modified_gmt":"2024-05-06T00:15:12","slug":"denuncia-chiqui-yunes-persecucion-judicial-contra-8-candidatos-de-la-alianza-opositora","status":"publish","type":"post","link":"https:\/\/encuentroinformativo.com.mx\/?p=54084","title":{"rendered":"Denuncia Chiqui Yunes persecuci\u00f3n judicial contra 8 candidatos de la alianza opositora"},"content":{"rendered":"\n<p><strong>Alejandro \u00c1vila<\/strong><\/p>\n\n\n\n<p>Boca del R\u00edo, Ver.- El candidato al Senado de la Rep\u00fablica Miguel \u00c1ngel Yunes M\u00e1rquez, denunci\u00f3 que desde el gobierno estatal se ha iniciado una persecuci\u00f3n judicial en contra de ocho candidatos de la alianza &#8220;Fuerza y Coraz\u00f3n por M\u00e9xico&#8221;.<\/p>\n\n\n\n<p>En presencia de l\u00edder nacional del PAN, Marko Cort\u00e9s, qui\u00e9n se encuentra de visita en el Estado de Veracruz y, en compa\u00f1\u00eda de todos los candidatos de la zona conurbada Veracruz &#8211; Boca del R\u00edo; Miguel \u00c1ngeo Yunes M\u00e1rquez, se\u00f1al\u00f3 que se encuentran entre la lucha por la democracia o la continuidad del autoritarismo.<\/p>\n\n\n\n<p>&#8220;Nos reservamos los nombres por su seguridad, pero hay una estrategia legal ya que fue ordenada desde altas esferas del poder, para tratar de desempolvar supuestas carpetas, para tratar de con esto emitir \u00f3rdenes de aprehensi\u00f3n y aprehender a estas ocho personas, yo puedo decir que yo estoy entre esas ocho, y con esto poder quitarnos la candidatura, est\u00e1n tomando de ejemplo lo que hicieron con Cabeza de Vaca, que inclusive con un amparo del tema en proceso lo quitaron de la candidatura a la diputaci\u00f3n federal plurinominal. Lo mismo est\u00e1n tratando de hacer aqu\u00ed, se ven ya acorralados, se ven muy desesperados, ya no saben como pararnos y recurren a los instrumentos de una dictadura, que es utilizar a las Fiscal\u00edas a las Polic\u00edas para frenar a sus opositores&#8221;, sentenci\u00f3.<\/p>\n\n\n\n<p>Miguel \u00c1ngel Yunes M\u00e1rquez dijo que tienen el conocimiento pleno de qui\u00e9n est\u00e1 ejecutando esa acci\u00f3n judicial; a qui\u00e9n se le dio la orden para llevarla a cabo y qui\u00e9nes est\u00e1n prestando a ese juego.<\/p>\n\n\n\n<p>&#8220;Por eso les decimos aguas, porque no vaya a ser que los perseguidos vayan a acabar siendo ellos en un futuro, porque las cosas no son as\u00ed, si quieren ganar que ganen a la buena, pero no nos vamos a dejar, ni nos van a amedrentar ni nos vamos a dejar&#8221;, culmin\u00f3.<\/p>\n","protected":false},"excerpt":{"rendered":"<p>Alejandro \u00c1vila Boca del R\u00edo, Ver.- El candidato al Senado de la Rep\u00fablica Miguel \u00c1ngel Yunes M\u00e1rquez, denunci\u00f3 que desde el gobierno estatal se ha iniciado una persecuci\u00f3n judicial en contra de ocho candidatos de la alianza &#8220;Fuerza y Coraz\u00f3n por M\u00e9xico&#8221;. En presencia de l\u00edder nacional del PAN, Marko Cort\u00e9s, qui\u00e9n se encuentra de [&hellip;]<\/p>\n","protected":false},"author":2476,"featured_media":54085,"comment_status":"open","ping_status":"open","sticky":false,"template":"","format":"standard","meta":{"_jetpack_memberships_contains_paid_content":false,"footnotes":""},"categories":[2],"tags":[],"class_list":["post-54084","post","type-post","status-publish","format-standard","has-post-thumbnail","hentry","category-estado"],"jetpack_featured_media_url":"https:\/\/encuentroinformativo.com.mx\/wp-content\/uploads\/2024\/05\/IMG-20240505-WA0058.jpg","jetpack_sharing_enabled":true,"jetpack_likes_enabled":true,"amp_enabled":true,"_links":{"self":[{"href":"https:\/\/encuentroinformativo.com.mx\/index.php?rest_route=\/wp\/v2\/posts\/54084","targetHints":{"allow":["GET"]}}],"collection":[{"href":"https:\/\/encuentroinformativo.com.mx\/index.php?rest_route=\/wp\/v2\/posts"}],"about":[{"href":"https:\/\/encuentroinformativo.com.mx\/index.php?rest_route=\/wp\/v2\/types\/post"}],"author":[{"embeddable":true,"href":"https:\/\/encuentroinformativo.com.mx\/index.php?rest_route=\/wp\/v2\/users\/2476"}],"replies":[{"embeddable":true,"href":"https:\/\/encuentroinformativo.com.mx\/index.php?rest_route=%2Fwp%2Fv2%2Fcomments&post=54084"}],"version-history":[{"count":1,"href":"https:\/\/encuentroinformativo.com.mx\/index.php?rest_route=\/wp\/v2\/posts\/54084\/revisions"}],"predecessor-version":[{"id":54086,"href":"https:\/\/encuentroinformativo.com.mx\/index.php?rest_route=\/wp\/v2\/posts\/54084\/revisions\/54086"}],"wp:featuredmedia":[{"embeddable":true,"href":"https:\/\/encuentroinformativo.com.mx\/index.php?rest_route=\/wp\/v2\/media\/54085"}],"wp:attachment":[{"href":"https:\/\/encuentroinformativo.com.mx\/index.php?rest_route=%2Fwp%2Fv2%2Fmedia&parent=54084"}],"wp:term":[{"taxonomy":"category","embeddable":true,"href":"https:\/\/encuentroinformativo.com.mx\/index.php?rest_route=%2Fwp%2Fv2%2Fcategories&post=54084"},{"taxonomy":"post_tag","embeddable":true,"href":"https:\/\/encuentroinformativo.com.mx\/index.php?rest_route=%2Fwp%2Fv2%2Ftags&post=54084"}],"curies":[{"name":"wp","href":"https:\/\/api.w.org\/{rel}","templated":true}]}}