{"id":54090,"date":"2024-05-05T18:22:56","date_gmt":"2024-05-06T00:22:56","guid":{"rendered":"https:\/\/encuentroinformativo.com.mx\/?p=54090"},"modified":"2024-05-05T18:23:03","modified_gmt":"2024-05-06T00:23:03","slug":"movimiento-ciudadano-sera-la-segunda-fuerza-politica-segun-dante-delgado","status":"publish","type":"post","link":"https:\/\/encuentroinformativo.com.mx\/?p=54090","title":{"rendered":"Movimiento Ciudadano ser\u00e1 la segunda fuerza pol\u00edtica, seg\u00fan Dante Delgado"},"content":{"rendered":"\n<p><strong>Alejandro \u00c1vila<\/strong><\/p>\n\n\n\n<p>Juchique de Ferrer, Ver.- El candidato al Senado de la Rep\u00fablica por Movimiento Ciudadano, Dante Delgado Morales, asegur\u00f3 que al terminar este proceso electoral, quedar\u00e1 plasmado que el partido naranja es la segunda fuerza pol\u00edtica a nivel nacional.<\/p>\n\n\n\n<p>\u201cMovimiento Ciudadano va a ser en breve la segunda fuerza pol\u00edtica del pa\u00eds, en algunos estados ya lo es, en Veracruz ocurre exactamente lo mismo, Polo Deschamps y Movimiento Ciudadano llevan un camino que va en ascenso permanente y constante. Me atrevo a asegurar que estamos ya muy cerca de convertirnos en la segunda fuerza electoral del estado, si nos medimos como partido pol\u00edtico contra el PRI o el PAN por separado\u201d.<\/p>\n\n\n\n<p>Dante afirm\u00f3 que Jorge \u00c1lvarez Maynez, Polo Deschamps, Dante Delgado, Angelica S\u00e1nchez, y los dem\u00e1s candidatos a diputados federales y locales son ya hoy en d\u00eda una realidad en la competencia electoral, \u201cy al estar Movimiento Ciudadano en ascenso y el PRIAN en picada es cuesti\u00f3n de tiempo para no solo alcanzarlos, sino que los vamos a rebasar\u201d, agreg\u00f3.<\/p>\n\n\n\n<p>\u201cPor eso los invito a apoyar a la nueva pol\u00edtica, los invito a apoyarnos para sacar a la vieja pol\u00edtica del estado, los invito a unirnos y entre todos darle un nuevo impulso y un nuevo futuro a Veracruz, el futuro en Veracruz es naranja!\u201d, declar\u00f3.<\/p>\n\n\n\n<p>Dante Delgado Morales recorri\u00f3 la ma\u00f1ana del domingo el mercado y la zona centro de Juchique de Ferrer, para por la tarde visitar tambi\u00e9n, junto con los candidatos locales, Naolinco, Tepetl\u00e1n y Coyolillo, este \u00faltimo, en el municipio de Actopan.<\/p>\n","protected":false},"excerpt":{"rendered":"<p>Alejandro \u00c1vila Juchique de Ferrer, Ver.- El candidato al Senado de la Rep\u00fablica por Movimiento Ciudadano, Dante Delgado Morales, asegur\u00f3 que al terminar este proceso electoral, quedar\u00e1 plasmado que el partido naranja es la segunda fuerza pol\u00edtica a nivel nacional. \u201cMovimiento Ciudadano va a ser en breve la segunda fuerza pol\u00edtica del pa\u00eds, en algunos [&hellip;]<\/p>\n","protected":false},"author":2476,"featured_media":54091,"comment_status":"open","ping_status":"open","sticky":false,"template":"","format":"standard","meta":{"_jetpack_memberships_contains_paid_content":false,"footnotes":""},"categories":[2],"tags":[],"class_list":["post-54090","post","type-post","status-publish","format-standard","has-post-thumbnail","hentry","category-estado"],"jetpack_featured_media_url":"https:\/\/encuentroinformativo.com.mx\/wp-content\/uploads\/2024\/05\/IMG-20240505-WA0064.jpg","jetpack_sharing_enabled":true,"jetpack_likes_enabled":true,"amp_enabled":true,"_links":{"self":[{"href":"https:\/\/encuentroinformativo.com.mx\/index.php?rest_route=\/wp\/v2\/posts\/54090","targetHints":{"allow":["GET"]}}],"collection":[{"href":"https:\/\/encuentroinformativo.com.mx\/index.php?rest_route=\/wp\/v2\/posts"}],"about":[{"href":"https:\/\/encuentroinformativo.com.mx\/index.php?rest_route=\/wp\/v2\/types\/post"}],"author":[{"embeddable":true,"href":"https:\/\/encuentroinformativo.com.mx\/index.php?rest_route=\/wp\/v2\/users\/2476"}],"replies":[{"embeddable":true,"href":"https:\/\/encuentroinformativo.com.mx\/index.php?rest_route=%2Fwp%2Fv2%2Fcomments&post=54090"}],"version-history":[{"count":1,"href":"https:\/\/encuentroinformativo.com.mx\/index.php?rest_route=\/wp\/v2\/posts\/54090\/revisions"}],"predecessor-version":[{"id":54092,"href":"https:\/\/encuentroinformativo.com.mx\/index.php?rest_route=\/wp\/v2\/posts\/54090\/revisions\/54092"}],"wp:featuredmedia":[{"embeddable":true,"href":"https:\/\/encuentroinformativo.com.mx\/index.php?rest_route=\/wp\/v2\/media\/54091"}],"wp:attachment":[{"href":"https:\/\/encuentroinformativo.com.mx\/index.php?rest_route=%2Fwp%2Fv2%2Fmedia&parent=54090"}],"wp:term":[{"taxonomy":"category","embeddable":true,"href":"https:\/\/encuentroinformativo.com.mx\/index.php?rest_route=%2Fwp%2Fv2%2Fcategories&post=54090"},{"taxonomy":"post_tag","embeddable":true,"href":"https:\/\/encuentroinformativo.com.mx\/index.php?rest_route=%2Fwp%2Fv2%2Ftags&post=54090"}],"curies":[{"name":"wp","href":"https:\/\/api.w.org\/{rel}","templated":true}]}}