{"id":54104,"date":"2024-05-06T13:45:57","date_gmt":"2024-05-06T19:45:57","guid":{"rendered":"https:\/\/encuentroinformativo.com.mx\/?p=54104"},"modified":"2024-05-06T13:46:13","modified_gmt":"2024-05-06T19:46:13","slug":"a-meses-de-dejar-el-cargo-presenta-diputado-asociacion-civil-maleno-pueblo","status":"publish","type":"post","link":"https:\/\/encuentroinformativo.com.mx\/?p=54104","title":{"rendered":"A meses de dejar el cargo, presenta diputado Asociaci\u00f3n Civil &#8220;Maleno Pueblo&#8221;"},"content":{"rendered":"\n<p><strong>Alejandro \u00c1vila<\/strong><\/p>\n\n\n\n<p>Medell\u00edn de Bravo, Ver.- A unos meses de dejar su cargo como diputado local, Magdaleno Rosales Torres, present\u00f3 ante cientos de amigos y ciudadanos de diferentes municipios, la Asociaci\u00f3n Civil &#8220;Maleno Pueblo&#8221;.<\/p>\n\n\n\n<p>En evento realizado el pasado fin de semana en el municipio de Medell\u00edn de Bravo, el legislador local aclar\u00f3 que, no hace falta tener un cargo p\u00fablico para apoyar a la ciudadan\u00eda, sobre todo de los municipios que son poco valorados por las administraciones gubernamentales.<\/p>\n\n\n\n<p>&#8220;No vengo a hablarles como representante popular, Sino como un ciudadano m\u00e1s que se preocupa por seguir atendiendo y apoyando a sus semejantes. Por ello, en esta A.C. continuaremos emprendiendo acciones que se traduzcan en bienestar y progreso social. Tenemos el ejemplo en diferentes municipalidades con pavimentaciones de caminos y calles, construcciones de guarniciones y banquetas, recuperaci\u00f3n y embellecimiento de espacios p\u00fablicos como parques y unidades deportivas, dot\u00e1ndoles de alumbrado de primer nivel para brindar seguridad, as\u00ed<br>tambi\u00e9n, hemos donado pintura y materiales de construcci\u00f3n para escuelas y centros de salud. En uni\u00f3n con Agentes, Subagentes Municipales y Comisariados Ejidales, le hemos echado, no una, sino las dos manos a productores del campo. Tambi\u00e9n se ha gestionado maquinaria y herramientas para que esas acciones pudieran emprenderse con la mano de<br>obra de la poblaci\u00f3n. Por supuesto que, en gran medida, esas gestiones las he<br>podido consolidar producto de mi encomienda legislativa, pero no es un secreto el hecho de que, de nuestro bolsillo, hemos dado recurso para alcanzar esos objetivos&#8221;, asest\u00f3.<\/p>\n\n\n\n<p>Magdaleno Rosales dijo que continuar\u00e1 trabajando para que los municipios que represent\u00f3 en su cargo p\u00fablico durante 6 a\u00f1os, salgan de los altos indices de rezago social que todav\u00eda registran.<\/p>\n\n\n\n<p>Finalmente, Maleno dijo que a estas alturas ya le est\u00e1n cerrando las puertas de algunas instituciones gubernamentales; sin embargo, eso no lo detendr\u00e1 para buscar los mejores apoyos para la ciudadan\u00eda, sobre todo para los productores primarios.<\/p>\n","protected":false},"excerpt":{"rendered":"<p>Alejandro \u00c1vila Medell\u00edn de Bravo, Ver.- A unos meses de dejar su cargo como diputado local, Magdaleno Rosales Torres, present\u00f3 ante cientos de amigos y ciudadanos de diferentes municipios, la Asociaci\u00f3n Civil &#8220;Maleno Pueblo&#8221;. En evento realizado el pasado fin de semana en el municipio de Medell\u00edn de Bravo, el legislador local aclar\u00f3 que, no [&hellip;]<\/p>\n","protected":false},"author":2476,"featured_media":54105,"comment_status":"open","ping_status":"open","sticky":false,"template":"","format":"standard","meta":{"_jetpack_memberships_contains_paid_content":false,"footnotes":""},"categories":[2],"tags":[],"class_list":["post-54104","post","type-post","status-publish","format-standard","has-post-thumbnail","hentry","category-estado"],"jetpack_featured_media_url":"https:\/\/encuentroinformativo.com.mx\/wp-content\/uploads\/2024\/05\/IMG-20240506-WA0021.jpg","jetpack_sharing_enabled":true,"jetpack_likes_enabled":true,"amp_enabled":true,"_links":{"self":[{"href":"https:\/\/encuentroinformativo.com.mx\/index.php?rest_route=\/wp\/v2\/posts\/54104","targetHints":{"allow":["GET"]}}],"collection":[{"href":"https:\/\/encuentroinformativo.com.mx\/index.php?rest_route=\/wp\/v2\/posts"}],"about":[{"href":"https:\/\/encuentroinformativo.com.mx\/index.php?rest_route=\/wp\/v2\/types\/post"}],"author":[{"embeddable":true,"href":"https:\/\/encuentroinformativo.com.mx\/index.php?rest_route=\/wp\/v2\/users\/2476"}],"replies":[{"embeddable":true,"href":"https:\/\/encuentroinformativo.com.mx\/index.php?rest_route=%2Fwp%2Fv2%2Fcomments&post=54104"}],"version-history":[{"count":1,"href":"https:\/\/encuentroinformativo.com.mx\/index.php?rest_route=\/wp\/v2\/posts\/54104\/revisions"}],"predecessor-version":[{"id":54106,"href":"https:\/\/encuentroinformativo.com.mx\/index.php?rest_route=\/wp\/v2\/posts\/54104\/revisions\/54106"}],"wp:featuredmedia":[{"embeddable":true,"href":"https:\/\/encuentroinformativo.com.mx\/index.php?rest_route=\/wp\/v2\/media\/54105"}],"wp:attachment":[{"href":"https:\/\/encuentroinformativo.com.mx\/index.php?rest_route=%2Fwp%2Fv2%2Fmedia&parent=54104"}],"wp:term":[{"taxonomy":"category","embeddable":true,"href":"https:\/\/encuentroinformativo.com.mx\/index.php?rest_route=%2Fwp%2Fv2%2Fcategories&post=54104"},{"taxonomy":"post_tag","embeddable":true,"href":"https:\/\/encuentroinformativo.com.mx\/index.php?rest_route=%2Fwp%2Fv2%2Ftags&post=54104"}],"curies":[{"name":"wp","href":"https:\/\/api.w.org\/{rel}","templated":true}]}}