{"id":54107,"date":"2024-05-06T13:49:31","date_gmt":"2024-05-06T19:49:31","guid":{"rendered":"https:\/\/encuentroinformativo.com.mx\/?p=54107"},"modified":"2024-05-06T13:49:40","modified_gmt":"2024-05-06T19:49:40","slug":"hermana-del-lider-nacional-de-jovenes-de-morena-se-suma-a-fuerza-y-corazon-por-veracruz","status":"publish","type":"post","link":"https:\/\/encuentroinformativo.com.mx\/?p=54107","title":{"rendered":"Hermana del l\u00edder nacional de j\u00f3venes de Morena se suma a Fuerza y Coraz\u00f3n por Veracruz"},"content":{"rendered":"\n<p><strong>Alejandro \u00c1vila<\/strong><\/p>\n\n\n\n<p>Tepatlaxco, Ver.- Guadalupe Porras Mar\u00edn, fue presentada este domingo en evento masivo en el municipio de Tepatlaxco, como una de las mujeres que se suma al trabajo en favor de la alianza &#8220;Fuerza y Coraz\u00f3n por Veracruz&#8221;.<\/p>\n\n\n\n<p>Lupita Porras es hermana de Alejandro Porras Mar\u00edn, recientemente nombrado l\u00edder nacional de j\u00f3venes de Morena y quien buscaba la candidatura a la diputaci\u00f3n local por el Distrito de Huatusco.<\/p>\n\n\n\n<p>Cabe mencionar que la propia Guadalupe Porras march\u00f3 el pasado 8 de marzo en el D\u00eda Internacional de la Mujer, y durante la caminata denunci\u00f3 a su hermano como un violentador, M<br>mis\u00f3gino, y que ni ella misma votar\u00eda por \u00e9l.<\/p>\n\n\n\n<p>&#8220;Imag\u00ednense nada m\u00e1s estas situaciones, y que un machito como mi hermano tenga que gobernar o tenga que ser diputado. La verdad, ni yo siendo su hermana votar\u00eda por \u00e9l, y mucho menos por la forma en como se expresa de las mujeres, en su forma de actuar, en toda su falta de respeto, ni loca aguantar\u00eda hacerle algo as\u00ed&#8221;, expres\u00f3 en un video que c\u00edrculo en redes sociales.<\/p>\n","protected":false},"excerpt":{"rendered":"<p>Alejandro \u00c1vila Tepatlaxco, Ver.- Guadalupe Porras Mar\u00edn, fue presentada este domingo en evento masivo en el municipio de Tepatlaxco, como una de las mujeres que se suma al trabajo en favor de la alianza &#8220;Fuerza y Coraz\u00f3n por Veracruz&#8221;. Lupita Porras es hermana de Alejandro Porras Mar\u00edn, recientemente nombrado l\u00edder nacional de j\u00f3venes de Morena [&hellip;]<\/p>\n","protected":false},"author":2476,"featured_media":54108,"comment_status":"open","ping_status":"open","sticky":false,"template":"","format":"standard","meta":{"_jetpack_memberships_contains_paid_content":false,"footnotes":""},"categories":[2],"tags":[],"class_list":["post-54107","post","type-post","status-publish","format-standard","has-post-thumbnail","hentry","category-estado"],"jetpack_featured_media_url":"https:\/\/encuentroinformativo.com.mx\/wp-content\/uploads\/2024\/05\/IMG-20240506-WA0056.jpg","jetpack_sharing_enabled":true,"jetpack_likes_enabled":true,"amp_enabled":true,"_links":{"self":[{"href":"https:\/\/encuentroinformativo.com.mx\/index.php?rest_route=\/wp\/v2\/posts\/54107","targetHints":{"allow":["GET"]}}],"collection":[{"href":"https:\/\/encuentroinformativo.com.mx\/index.php?rest_route=\/wp\/v2\/posts"}],"about":[{"href":"https:\/\/encuentroinformativo.com.mx\/index.php?rest_route=\/wp\/v2\/types\/post"}],"author":[{"embeddable":true,"href":"https:\/\/encuentroinformativo.com.mx\/index.php?rest_route=\/wp\/v2\/users\/2476"}],"replies":[{"embeddable":true,"href":"https:\/\/encuentroinformativo.com.mx\/index.php?rest_route=%2Fwp%2Fv2%2Fcomments&post=54107"}],"version-history":[{"count":1,"href":"https:\/\/encuentroinformativo.com.mx\/index.php?rest_route=\/wp\/v2\/posts\/54107\/revisions"}],"predecessor-version":[{"id":54109,"href":"https:\/\/encuentroinformativo.com.mx\/index.php?rest_route=\/wp\/v2\/posts\/54107\/revisions\/54109"}],"wp:featuredmedia":[{"embeddable":true,"href":"https:\/\/encuentroinformativo.com.mx\/index.php?rest_route=\/wp\/v2\/media\/54108"}],"wp:attachment":[{"href":"https:\/\/encuentroinformativo.com.mx\/index.php?rest_route=%2Fwp%2Fv2%2Fmedia&parent=54107"}],"wp:term":[{"taxonomy":"category","embeddable":true,"href":"https:\/\/encuentroinformativo.com.mx\/index.php?rest_route=%2Fwp%2Fv2%2Fcategories&post=54107"},{"taxonomy":"post_tag","embeddable":true,"href":"https:\/\/encuentroinformativo.com.mx\/index.php?rest_route=%2Fwp%2Fv2%2Ftags&post=54107"}],"curies":[{"name":"wp","href":"https:\/\/api.w.org\/{rel}","templated":true}]}}