{"id":54115,"date":"2024-05-06T14:07:33","date_gmt":"2024-05-06T20:07:33","guid":{"rendered":"https:\/\/encuentroinformativo.com.mx\/?p=54115"},"modified":"2024-05-06T14:07:41","modified_gmt":"2024-05-06T20:07:41","slug":"reclaman-activistas-politicas-ambientales","status":"publish","type":"post","link":"https:\/\/encuentroinformativo.com.mx\/?p=54115","title":{"rendered":"Reclaman activistas pol\u00edticas ambientales"},"content":{"rendered":"\n<p><strong>Juan Arcos <\/strong><\/p>\n\n\n\n<p>Xalapa, Ver.- En el estado de Veracruz y en toda la Rep\u00fablica Mexicana es notorio el problema de la falta de pol\u00edticas p\u00fablicas para hacer frente al cambio clim\u00e1tico.<\/p>\n\n\n\n<p>Tras los debates, organizaciones ambientalistas ven con preocupaci\u00f3n la falta de propuestas ambiciosas y a la altura de la crisis clim\u00e1tica.<br>Se\u00f1alan que a nivel nacional las propuestas econ\u00f3micas y sociales contradicen la voluntad por desplazar paulatinamente los combustibles f\u00f3siles y reducir emisiones que provocan y aceleran la crisis clim\u00e1tica.<\/p>\n\n\n\n<p>Indican que las tres candidaturas tuvieron un claro inter\u00e9s por abordar el tema con propuestas, tanto en el \u00e1mbito clim\u00e1tico como en el sector energ\u00e9tico.<\/p>\n\n\n\n<p>Consideran que siguen ausentes alternativas ambiciosas, realistas y con regulaci\u00f3n adecuada que est\u00e9n alineadas con un desarrollo justo y sustentable, as\u00ed como con los compromisos internacionales de mitigaci\u00f3n para limitar el calentamiento global a menos de 1.5\u00b0C.<\/p>\n\n\n\n<p>\u201cLas organizaciones firmantes hacemos un puntual llamado a incrementar la ambici\u00f3n de las propuestas y alinear las visiones econ\u00f3micas y sociales con la realidad de la emergencia clim\u00e1tica\u201d.<\/p>\n\n\n\n<p>De igual forma, sostienen que es fundamental que las propuestas econ\u00f3micas integren de manera expl\u00edcita la perspectiva clim\u00e1tica y se alineen con una estrategia m\u00e1s amplia de descarbonizaci\u00f3n de la econom\u00eda en su conjunto.<\/p>\n\n\n\n<p>Por ejemplo, subrayan, es necesario evaluar las propuestas que requieren incrementar la demanda de agua y energ\u00eda para procesos industriales, especialmente si se plantean en regiones ya impactadas por los efectos del cambio clim\u00e1tico, como la escasez de agua.<\/p>\n","protected":false},"excerpt":{"rendered":"<p>Juan Arcos Xalapa, Ver.- En el estado de Veracruz y en toda la Rep\u00fablica Mexicana es notorio el problema de la falta de pol\u00edticas p\u00fablicas para hacer frente al cambio clim\u00e1tico. Tras los debates, organizaciones ambientalistas ven con preocupaci\u00f3n la falta de propuestas ambiciosas y a la altura de la crisis clim\u00e1tica.Se\u00f1alan que a nivel [&hellip;]<\/p>\n","protected":false},"author":2476,"featured_media":54116,"comment_status":"open","ping_status":"open","sticky":false,"template":"","format":"standard","meta":{"_jetpack_memberships_contains_paid_content":false,"footnotes":""},"categories":[2],"tags":[],"class_list":["post-54115","post","type-post","status-publish","format-standard","has-post-thumbnail","hentry","category-estado"],"jetpack_featured_media_url":"https:\/\/encuentroinformativo.com.mx\/wp-content\/uploads\/2024\/05\/IMG_8917.jpg","jetpack_sharing_enabled":true,"jetpack_likes_enabled":true,"amp_enabled":true,"_links":{"self":[{"href":"https:\/\/encuentroinformativo.com.mx\/index.php?rest_route=\/wp\/v2\/posts\/54115","targetHints":{"allow":["GET"]}}],"collection":[{"href":"https:\/\/encuentroinformativo.com.mx\/index.php?rest_route=\/wp\/v2\/posts"}],"about":[{"href":"https:\/\/encuentroinformativo.com.mx\/index.php?rest_route=\/wp\/v2\/types\/post"}],"author":[{"embeddable":true,"href":"https:\/\/encuentroinformativo.com.mx\/index.php?rest_route=\/wp\/v2\/users\/2476"}],"replies":[{"embeddable":true,"href":"https:\/\/encuentroinformativo.com.mx\/index.php?rest_route=%2Fwp%2Fv2%2Fcomments&post=54115"}],"version-history":[{"count":1,"href":"https:\/\/encuentroinformativo.com.mx\/index.php?rest_route=\/wp\/v2\/posts\/54115\/revisions"}],"predecessor-version":[{"id":54117,"href":"https:\/\/encuentroinformativo.com.mx\/index.php?rest_route=\/wp\/v2\/posts\/54115\/revisions\/54117"}],"wp:featuredmedia":[{"embeddable":true,"href":"https:\/\/encuentroinformativo.com.mx\/index.php?rest_route=\/wp\/v2\/media\/54116"}],"wp:attachment":[{"href":"https:\/\/encuentroinformativo.com.mx\/index.php?rest_route=%2Fwp%2Fv2%2Fmedia&parent=54115"}],"wp:term":[{"taxonomy":"category","embeddable":true,"href":"https:\/\/encuentroinformativo.com.mx\/index.php?rest_route=%2Fwp%2Fv2%2Fcategories&post=54115"},{"taxonomy":"post_tag","embeddable":true,"href":"https:\/\/encuentroinformativo.com.mx\/index.php?rest_route=%2Fwp%2Fv2%2Ftags&post=54115"}],"curies":[{"name":"wp","href":"https:\/\/api.w.org\/{rel}","templated":true}]}}