{"id":54121,"date":"2024-05-06T14:33:23","date_gmt":"2024-05-06T20:33:23","guid":{"rendered":"https:\/\/encuentroinformativo.com.mx\/?p=54121"},"modified":"2024-05-06T14:33:31","modified_gmt":"2024-05-06T20:33:31","slug":"abre-guillermo-herrada-casa-de-enlace-en-paso-del-toro","status":"publish","type":"post","link":"https:\/\/encuentroinformativo.com.mx\/?p=54121","title":{"rendered":"Abre Guillermo Herrada casa de Enlace en Paso del Toro"},"content":{"rendered":"\n<p><strong>Alejandro \u00c1vila<\/strong><\/p>\n\n\n\n<p>Medell\u00edn de Bravo, Ver.- Una de las demandas de miles de medellinenses era la Casa de Enlace de MEMO AC; acci\u00f3n que finalmente fue concretada este domingo en la localidad de Paso del Toro.<\/p>\n\n\n\n<p>Este es el primer inmueble de este tipo qu\u00e9 concreta el empresario altruista Guillermo Herrada Jim\u00e9nez, mismo que se\u00f1al\u00f3, en pr\u00f3ximas fechas se pretende ir inaugurando m\u00e1s en otras localidades de la zona.<\/p>\n\n\n\n<p>La finalidad de las Casas de Enlace es tener un acercamiento y di\u00e1logo directo con la poblaci\u00f3n, y de esta manera aumentar el n\u00famero de apoyos en salud, educaci\u00f3n y desarrollo social que se necesitan en el municipio de Medell\u00edn de Bravo.<\/p>\n\n\n\n<p>\u201cHoy fue un d\u00eda especial para m\u00ed, sobre todo para este gran proyecto, ya que inauguramos nuestra primer Casa de Enlace Memo en la localidad de Paso del Toro. Doy gracias a Dios, a mi familia, a mi equipo de trabajo y a todos los que somos parte de esta gran familia Memo, esta casa es para ustedes, quiero conocer m\u00e1s de cada uno de los habitantes de los comunidades, quiero estar cerca de todos\u201d, puntualiz\u00f3 Memo Herrada.<\/p>\n\n\n\n<p>La Casa de Enlace MEMO en Paso del Toro tiene como objetivo principal servir como un punto de encuentro para los habitantes de la localidad, brindando un espacio accesible donde podr\u00e1n expresar sus inquietudes, recibir informaci\u00f3n sobre los apoyos y programas de la asociaci\u00f3n, as\u00ed como participar en actividades de inter\u00e9s comunitario, de igual forma se dar\u00e1 atenci\u00f3n de medicina general, servicio de oftalmolog\u00eda y odontolog\u00eda.<\/p>\n\n\n\n<p>En esta inauguraci\u00f3n, tambi\u00e9n se llev\u00f3 a cabo el festejo del d\u00eda del ni\u00f1o por parte de la Asociaci\u00f3n Civil MEMO, donde cientos de ni\u00f1os medellinenses participaron en din\u00e1micas, partieron pi\u00f1atas y pasaron una agradable tarde de integraci\u00f3n familiar, esta convivencia se llevar\u00e1 en pr\u00f3ximos d\u00edas en distintas localidades del municipio.<\/p>\n","protected":false},"excerpt":{"rendered":"<p>Alejandro \u00c1vila Medell\u00edn de Bravo, Ver.- Una de las demandas de miles de medellinenses era la Casa de Enlace de MEMO AC; acci\u00f3n que finalmente fue concretada este domingo en la localidad de Paso del Toro. Este es el primer inmueble de este tipo qu\u00e9 concreta el empresario altruista Guillermo Herrada Jim\u00e9nez, mismo que se\u00f1al\u00f3, [&hellip;]<\/p>\n","protected":false},"author":2476,"featured_media":54122,"comment_status":"open","ping_status":"open","sticky":false,"template":"","format":"standard","meta":{"_jetpack_memberships_contains_paid_content":false,"footnotes":""},"categories":[2],"tags":[],"class_list":["post-54121","post","type-post","status-publish","format-standard","has-post-thumbnail","hentry","category-estado"],"jetpack_featured_media_url":"https:\/\/encuentroinformativo.com.mx\/wp-content\/uploads\/2024\/05\/IMG-20240506-WA0030.jpg","jetpack_sharing_enabled":true,"jetpack_likes_enabled":true,"amp_enabled":true,"_links":{"self":[{"href":"https:\/\/encuentroinformativo.com.mx\/index.php?rest_route=\/wp\/v2\/posts\/54121","targetHints":{"allow":["GET"]}}],"collection":[{"href":"https:\/\/encuentroinformativo.com.mx\/index.php?rest_route=\/wp\/v2\/posts"}],"about":[{"href":"https:\/\/encuentroinformativo.com.mx\/index.php?rest_route=\/wp\/v2\/types\/post"}],"author":[{"embeddable":true,"href":"https:\/\/encuentroinformativo.com.mx\/index.php?rest_route=\/wp\/v2\/users\/2476"}],"replies":[{"embeddable":true,"href":"https:\/\/encuentroinformativo.com.mx\/index.php?rest_route=%2Fwp%2Fv2%2Fcomments&post=54121"}],"version-history":[{"count":1,"href":"https:\/\/encuentroinformativo.com.mx\/index.php?rest_route=\/wp\/v2\/posts\/54121\/revisions"}],"predecessor-version":[{"id":54123,"href":"https:\/\/encuentroinformativo.com.mx\/index.php?rest_route=\/wp\/v2\/posts\/54121\/revisions\/54123"}],"wp:featuredmedia":[{"embeddable":true,"href":"https:\/\/encuentroinformativo.com.mx\/index.php?rest_route=\/wp\/v2\/media\/54122"}],"wp:attachment":[{"href":"https:\/\/encuentroinformativo.com.mx\/index.php?rest_route=%2Fwp%2Fv2%2Fmedia&parent=54121"}],"wp:term":[{"taxonomy":"category","embeddable":true,"href":"https:\/\/encuentroinformativo.com.mx\/index.php?rest_route=%2Fwp%2Fv2%2Fcategories&post=54121"},{"taxonomy":"post_tag","embeddable":true,"href":"https:\/\/encuentroinformativo.com.mx\/index.php?rest_route=%2Fwp%2Fv2%2Ftags&post=54121"}],"curies":[{"name":"wp","href":"https:\/\/api.w.org\/{rel}","templated":true}]}}