{"id":54127,"date":"2024-05-06T14:45:06","date_gmt":"2024-05-06T20:45:06","guid":{"rendered":"https:\/\/encuentroinformativo.com.mx\/?p=54127"},"modified":"2024-05-06T14:45:11","modified_gmt":"2024-05-06T20:45:11","slug":"pide-alcalde-ahued-no-politizar-tema-del-agua","status":"publish","type":"post","link":"https:\/\/encuentroinformativo.com.mx\/?p=54127","title":{"rendered":"Pide alcalde Ahued no politizar tema del agua"},"content":{"rendered":"\n<p><strong>Dar\u00edo Pale <\/strong><\/p>\n\n\n\n<p>Xalapa, Ver.- El presidente municipal de Xalapa Ricardo Ahued Bardahuil sostuvo que su administraci\u00f3n respeta y responde a la poblaci\u00f3n que se manifiesta de manera leg\u00edtima, esto se debe a que integrantes del Movimiento Antorchista realizar\u00e1n una marcha con la consigna: \u201cAgua para todos los xalape\u00f1os\u201d.<\/p>\n\n\n\n<p>En conferencia de prensa se\u00f1al\u00f3 que la escasez de agua en Xalapa es un grave problema derivado de diversas situaciones, entre estas, il\u00edcitos, sin embargo, el tema preocupa y ocupa al gobierno municipal y estatal por lo que esta condici\u00f3n no debe usarse como bot\u00edn pol\u00edtico.<\/p>\n\n\n\n<p>Consider\u00f3 que en el marco de la coyuntura pol\u00edtica por las elecciones pr\u00f3ximas \u201ces tiempo de movilizaciones\u201d; esto dado a las constantes manifestaciones que se han registrado por los prolongados cortes de agua ante el estiaje.<\/p>\n\n\n\n<p>\u201cTodos tienen derecho de petici\u00f3n y derecho de audiencia y aqu\u00ed siempre ser\u00e1n atendidas y atendidos; adem\u00e1s, este tipo de expresiones son leg\u00edtimas y como servidores p\u00fablicos no nos podemos alejar. Aunque s\u00ed pedimos que se vea con m\u00e1s amplitud cual es la problem\u00e1tica y lo atenderemos (\u2026)\u201d, se\u00f1al\u00f3.<\/p>\n\n\n\n<p>Record\u00f3 que en ninguna otra ciudad del pa\u00eds se han invertido m\u00e1s de 700 millones de pesos en obras hidr\u00e1ulicas y sanitarias, en aproximadamente dos a\u00f1os.<\/p>\n\n\n\n<p>Reiter\u00f3 que adem\u00e1s del desabasto del 50 por ciento en los afluentes que proveen de agua a Xalapa, las fugas y tomas clandestinas; se suma al problema el asunto del cambio de tuber\u00edas, \u201cse est\u00e1 haciendo un gran trabajo en ese sentido, pero implica que haya cortes de agua tambi\u00e9n a fin de que se pueda trabajar\u201d.<\/p>\n\n\n\n<p>Finalmente dio a conocer que, \u201ccon el agua no se debe politizar; la gente de Xalapa es muy consiente, necesitamos darnos cuanta en d\u00f3nde estamos parados todos, pero no debe de ser bot\u00edn de tema pol\u00edtico porque es lamentable, porque ni en el pasado, ni en el presente se hizo la inversi\u00f3n que se requiere ahora; el Gobierno del Estado hizo inversiones por m\u00e1s de 2 mil 500 millones en colectores (\u2026); entonces tenemos que estar unidos para resolver un problema para nosotros y las nuevas generaciones\u201d.<\/p>\n","protected":false},"excerpt":{"rendered":"<p>Dar\u00edo Pale Xalapa, Ver.- El presidente municipal de Xalapa Ricardo Ahued Bardahuil sostuvo que su administraci\u00f3n respeta y responde a la poblaci\u00f3n que se manifiesta de manera leg\u00edtima, esto se debe a que integrantes del Movimiento Antorchista realizar\u00e1n una marcha con la consigna: \u201cAgua para todos los xalape\u00f1os\u201d. En conferencia de prensa se\u00f1al\u00f3 que la [&hellip;]<\/p>\n","protected":false},"author":2476,"featured_media":54128,"comment_status":"open","ping_status":"open","sticky":false,"template":"","format":"standard","meta":{"_jetpack_memberships_contains_paid_content":false,"footnotes":""},"categories":[3],"tags":[],"class_list":["post-54127","post","type-post","status-publish","format-standard","has-post-thumbnail","hentry","category-xalapa"],"jetpack_featured_media_url":"https:\/\/encuentroinformativo.com.mx\/wp-content\/uploads\/2024\/05\/IMG-20240506-WA00692.jpg","jetpack_sharing_enabled":true,"jetpack_likes_enabled":true,"amp_enabled":true,"_links":{"self":[{"href":"https:\/\/encuentroinformativo.com.mx\/index.php?rest_route=\/wp\/v2\/posts\/54127","targetHints":{"allow":["GET"]}}],"collection":[{"href":"https:\/\/encuentroinformativo.com.mx\/index.php?rest_route=\/wp\/v2\/posts"}],"about":[{"href":"https:\/\/encuentroinformativo.com.mx\/index.php?rest_route=\/wp\/v2\/types\/post"}],"author":[{"embeddable":true,"href":"https:\/\/encuentroinformativo.com.mx\/index.php?rest_route=\/wp\/v2\/users\/2476"}],"replies":[{"embeddable":true,"href":"https:\/\/encuentroinformativo.com.mx\/index.php?rest_route=%2Fwp%2Fv2%2Fcomments&post=54127"}],"version-history":[{"count":1,"href":"https:\/\/encuentroinformativo.com.mx\/index.php?rest_route=\/wp\/v2\/posts\/54127\/revisions"}],"predecessor-version":[{"id":54129,"href":"https:\/\/encuentroinformativo.com.mx\/index.php?rest_route=\/wp\/v2\/posts\/54127\/revisions\/54129"}],"wp:featuredmedia":[{"embeddable":true,"href":"https:\/\/encuentroinformativo.com.mx\/index.php?rest_route=\/wp\/v2\/media\/54128"}],"wp:attachment":[{"href":"https:\/\/encuentroinformativo.com.mx\/index.php?rest_route=%2Fwp%2Fv2%2Fmedia&parent=54127"}],"wp:term":[{"taxonomy":"category","embeddable":true,"href":"https:\/\/encuentroinformativo.com.mx\/index.php?rest_route=%2Fwp%2Fv2%2Fcategories&post=54127"},{"taxonomy":"post_tag","embeddable":true,"href":"https:\/\/encuentroinformativo.com.mx\/index.php?rest_route=%2Fwp%2Fv2%2Ftags&post=54127"}],"curies":[{"name":"wp","href":"https:\/\/api.w.org\/{rel}","templated":true}]}}