{"id":54135,"date":"2024-05-07T10:41:38","date_gmt":"2024-05-07T16:41:38","guid":{"rendered":"https:\/\/encuentroinformativo.com.mx\/?p=54135"},"modified":"2024-05-07T10:41:43","modified_gmt":"2024-05-07T16:41:43","slug":"gobierno-quita-antimonumento-a-periodistas-asesinados-acusan-familiares","status":"publish","type":"post","link":"https:\/\/encuentroinformativo.com.mx\/?p=54135","title":{"rendered":"Gobierno quita Antimonumento a periodistas asesinados, acusan familiares"},"content":{"rendered":"\n<p><strong>Alejandro \u00c1vila<\/strong><\/p>\n\n\n\n<p>Veracruz, Ver.- Familiares de periodistas asesinados en Veracruz, denunciaron que el Antimonumento que hab\u00edan colocado el pasado 1 de mayo, fue retirado por autoridades de Gobierno del Estado.<\/p>\n\n\n\n<p>&#8220;Esto en el marco del D\u00eda de la Libertad de Prensa que es el 3 de mayo, en la noche del primero de Mmayo colocamos esta m\u00e1quina de escribir sometida con lo que es el alambre de p\u00faas, esta jaula que la encierra, unas piernas que ten\u00edan mensajes, palabras y esos sentimientos que hacen alusi\u00f3n hacia nuestros familiares, te quiero, te amo, te extra\u00f1o, te sigo buscando, etc\u00e9tera. A esta jaula la acompa\u00f1aban 3 piedras que ten\u00edan los nombres de los periodistas que han sido asesinados aqu\u00ed en Veracruz y que han sido desaparecidos&#8221;, se\u00f1al\u00f3 Jorge S\u00e1nchez, hijo de Mois\u00e9s S\u00e1nchez.<\/p>\n\n\n\n<p>Jorge S\u00e1nchez mencion\u00f3 que hasta la noche de este domingo 5 de mayo todav\u00eda se encontraba el Antimonumento en la plaza Regina e incluso, record\u00f3 que durante el desfile del Primero de Mayo, por el D\u00eda del Trabajo, fueron amenazados por el director de Pol\u00edtica Regional, el representante del gobernador, Cuitl\u00e1huac Garc\u00eda Jim\u00e9nez de nombre, H\u00e9ctor Cipri\u00e1n.<\/p>\n\n\n\n<p>&#8220;Lamentablemente esto es lo que tenemos, un gobierno que no le gusta la cr\u00edtica, que no le gusta la libertad de expresi\u00f3n, no les gusta que les recuerden que en Veracruz y que en M\u00e9xico, porque tambi\u00e9n fueron retirados los memoriales a las v\u00edctimas del crimen en Narvarte; Nadia, Rub\u00e9n, de las que fueron asesinadas all\u00e1 en la Ciudad de M\u00e9xico, no les gusta que les recuerden por qu\u00e9 los casos siguen en la impunidad, en M\u00e9xico no hay justicia ni se permite la memoria&#8221;, asest\u00f3.<\/p>\n\n\n\n<figure class=\"wp-block-image size-large\"><img loading=\"lazy\" decoding=\"async\" width=\"768\" height=\"1024\" src=\"https:\/\/encuentroinformativo.com.mx\/wp-content\/uploads\/2024\/05\/IMG-20240507-WA0016-768x1024.jpg\" alt=\"\" class=\"wp-image-54137\" srcset=\"https:\/\/encuentroinformativo.com.mx\/wp-content\/uploads\/2024\/05\/IMG-20240507-WA0016-768x1024.jpg 768w, https:\/\/encuentroinformativo.com.mx\/wp-content\/uploads\/2024\/05\/IMG-20240507-WA0016-225x300.jpg 225w, https:\/\/encuentroinformativo.com.mx\/wp-content\/uploads\/2024\/05\/IMG-20240507-WA0016.jpg 960w\" sizes=\"auto, (max-width: 768px) 100vw, 768px\" \/><\/figure>\n","protected":false},"excerpt":{"rendered":"<p>Alejandro \u00c1vila Veracruz, Ver.- Familiares de periodistas asesinados en Veracruz, denunciaron que el Antimonumento que hab\u00edan colocado el pasado 1 de mayo, fue retirado por autoridades de Gobierno del Estado. &#8220;Esto en el marco del D\u00eda de la Libertad de Prensa que es el 3 de mayo, en la noche del primero de Mmayo colocamos [&hellip;]<\/p>\n","protected":false},"author":2476,"featured_media":54136,"comment_status":"open","ping_status":"open","sticky":false,"template":"","format":"standard","meta":{"_jetpack_memberships_contains_paid_content":false,"footnotes":""},"categories":[2],"tags":[],"class_list":["post-54135","post","type-post","status-publish","format-standard","has-post-thumbnail","hentry","category-estado"],"jetpack_featured_media_url":"https:\/\/encuentroinformativo.com.mx\/wp-content\/uploads\/2024\/05\/IMG-20240507-WA0015.jpg","jetpack_sharing_enabled":true,"jetpack_likes_enabled":true,"amp_enabled":true,"_links":{"self":[{"href":"https:\/\/encuentroinformativo.com.mx\/index.php?rest_route=\/wp\/v2\/posts\/54135","targetHints":{"allow":["GET"]}}],"collection":[{"href":"https:\/\/encuentroinformativo.com.mx\/index.php?rest_route=\/wp\/v2\/posts"}],"about":[{"href":"https:\/\/encuentroinformativo.com.mx\/index.php?rest_route=\/wp\/v2\/types\/post"}],"author":[{"embeddable":true,"href":"https:\/\/encuentroinformativo.com.mx\/index.php?rest_route=\/wp\/v2\/users\/2476"}],"replies":[{"embeddable":true,"href":"https:\/\/encuentroinformativo.com.mx\/index.php?rest_route=%2Fwp%2Fv2%2Fcomments&post=54135"}],"version-history":[{"count":1,"href":"https:\/\/encuentroinformativo.com.mx\/index.php?rest_route=\/wp\/v2\/posts\/54135\/revisions"}],"predecessor-version":[{"id":54138,"href":"https:\/\/encuentroinformativo.com.mx\/index.php?rest_route=\/wp\/v2\/posts\/54135\/revisions\/54138"}],"wp:featuredmedia":[{"embeddable":true,"href":"https:\/\/encuentroinformativo.com.mx\/index.php?rest_route=\/wp\/v2\/media\/54136"}],"wp:attachment":[{"href":"https:\/\/encuentroinformativo.com.mx\/index.php?rest_route=%2Fwp%2Fv2%2Fmedia&parent=54135"}],"wp:term":[{"taxonomy":"category","embeddable":true,"href":"https:\/\/encuentroinformativo.com.mx\/index.php?rest_route=%2Fwp%2Fv2%2Fcategories&post=54135"},{"taxonomy":"post_tag","embeddable":true,"href":"https:\/\/encuentroinformativo.com.mx\/index.php?rest_route=%2Fwp%2Fv2%2Ftags&post=54135"}],"curies":[{"name":"wp","href":"https:\/\/api.w.org\/{rel}","templated":true}]}}