{"id":54139,"date":"2024-05-07T11:16:26","date_gmt":"2024-05-07T17:16:26","guid":{"rendered":"https:\/\/encuentroinformativo.com.mx\/?p=54139"},"modified":"2024-05-07T11:16:33","modified_gmt":"2024-05-07T17:16:33","slug":"regresa-al-desfile-ganadero-al-centro-historico-de-veracruz","status":"publish","type":"post","link":"https:\/\/encuentroinformativo.com.mx\/?p=54139","title":{"rendered":"Regresa al desfile ganadero al Centro Hist\u00f3rico de Veracruz"},"content":{"rendered":"\n<p><strong>Alejandro \u00c1vila<\/strong><\/p>\n\n\n\n<p>Veracruz, Ver.- Tras varios a\u00f1os de ausencia, el desfile ganadero volver\u00e1 a las calles del Centro Hist\u00f3rico del municipio de Veracruz.<\/p>\n\n\n\n<p>Ser\u00e1 este martes 7 de mayo en punto de las 5 de la tarde, cuando en el marco de la Feria Ganadera Ylang Ylang que se llevar\u00e1 a cabo en Boca del R\u00edo, se realice el desfile donde participen ganaderos, caballos bailadores y, se pueden ver algunas suertes de la Charrer\u00eda.<\/p>\n\n\n\n<p>Este magno Desfile Ganadero de la Expo Feria Ylang Ylang partir\u00e1 del Tranv\u00eda del Recuerdo para continuar por la avenida Independencia hasta Montesinos y tomar la avenida 5 de Mayo para concluir en el Parque Zamora.<\/p>\n\n\n\n<p>Se contar\u00e1 con la participaci\u00f3n de la Reina de la Expo Ganadera, Mar\u00eda Fernanda Molina Gonz\u00e1lez, as\u00ed como ganaderos e hijos de ganaderos que forman parte de la Uni\u00f3n Ganadera Regional de la Zona Centro, adem\u00e1s de caballos bailadores y charros floreando.<\/p>\n\n\n\n<p>Recordemos que la 56 Expo Ganadera de Ylang Ylang se realizar\u00e1 del 10 al 26 de mayo contando con un sinf\u00edn de actividades ganaderas, art\u00edsticas y culturales.<\/p>\n","protected":false},"excerpt":{"rendered":"<p>Alejandro \u00c1vila Veracruz, Ver.- Tras varios a\u00f1os de ausencia, el desfile ganadero volver\u00e1 a las calles del Centro Hist\u00f3rico del municipio de Veracruz. Ser\u00e1 este martes 7 de mayo en punto de las 5 de la tarde, cuando en el marco de la Feria Ganadera Ylang Ylang que se llevar\u00e1 a cabo en Boca del [&hellip;]<\/p>\n","protected":false},"author":2476,"featured_media":54140,"comment_status":"open","ping_status":"open","sticky":false,"template":"","format":"standard","meta":{"_jetpack_memberships_contains_paid_content":false,"footnotes":""},"categories":[2],"tags":[],"class_list":["post-54139","post","type-post","status-publish","format-standard","has-post-thumbnail","hentry","category-estado"],"jetpack_featured_media_url":"https:\/\/encuentroinformativo.com.mx\/wp-content\/uploads\/2024\/05\/IMG-20240507-WA0030.jpg","jetpack_sharing_enabled":true,"jetpack_likes_enabled":true,"amp_enabled":true,"_links":{"self":[{"href":"https:\/\/encuentroinformativo.com.mx\/index.php?rest_route=\/wp\/v2\/posts\/54139","targetHints":{"allow":["GET"]}}],"collection":[{"href":"https:\/\/encuentroinformativo.com.mx\/index.php?rest_route=\/wp\/v2\/posts"}],"about":[{"href":"https:\/\/encuentroinformativo.com.mx\/index.php?rest_route=\/wp\/v2\/types\/post"}],"author":[{"embeddable":true,"href":"https:\/\/encuentroinformativo.com.mx\/index.php?rest_route=\/wp\/v2\/users\/2476"}],"replies":[{"embeddable":true,"href":"https:\/\/encuentroinformativo.com.mx\/index.php?rest_route=%2Fwp%2Fv2%2Fcomments&post=54139"}],"version-history":[{"count":1,"href":"https:\/\/encuentroinformativo.com.mx\/index.php?rest_route=\/wp\/v2\/posts\/54139\/revisions"}],"predecessor-version":[{"id":54141,"href":"https:\/\/encuentroinformativo.com.mx\/index.php?rest_route=\/wp\/v2\/posts\/54139\/revisions\/54141"}],"wp:featuredmedia":[{"embeddable":true,"href":"https:\/\/encuentroinformativo.com.mx\/index.php?rest_route=\/wp\/v2\/media\/54140"}],"wp:attachment":[{"href":"https:\/\/encuentroinformativo.com.mx\/index.php?rest_route=%2Fwp%2Fv2%2Fmedia&parent=54139"}],"wp:term":[{"taxonomy":"category","embeddable":true,"href":"https:\/\/encuentroinformativo.com.mx\/index.php?rest_route=%2Fwp%2Fv2%2Fcategories&post=54139"},{"taxonomy":"post_tag","embeddable":true,"href":"https:\/\/encuentroinformativo.com.mx\/index.php?rest_route=%2Fwp%2Fv2%2Ftags&post=54139"}],"curies":[{"name":"wp","href":"https:\/\/api.w.org\/{rel}","templated":true}]}}