{"id":54163,"date":"2024-05-07T14:35:44","date_gmt":"2024-05-07T20:35:44","guid":{"rendered":"https:\/\/encuentroinformativo.com.mx\/?p=54163"},"modified":"2024-05-07T14:35:50","modified_gmt":"2024-05-07T20:35:50","slug":"persiste-persecusion-politica-insiste-prd","status":"publish","type":"post","link":"https:\/\/encuentroinformativo.com.mx\/?p=54163","title":{"rendered":"Persiste persecusi\u00f3n pol\u00edtica, insiste PRD"},"content":{"rendered":"\n<p><strong>Dar\u00edo Pale <\/strong><\/p>\n\n\n\n<p>Xalapa, Ver.- El presidente del Comit\u00e9 Directivo Estatal del Partido de la Revoluci\u00f3n Democr\u00e1tica (PRD), Sergio Cadena Mart\u00ednez acus\u00f3 que en Veracruz se vive una persecuci\u00f3n pol\u00edtica, ya que el presidente del comit\u00e9 municipal del puerto Antonio del R\u00edo Argudin al igual que muchos otros militantes de su partido los han perseguido y torturado.<\/p>\n\n\n\n<p>En conferencia de prensa se\u00f1al\u00f3 que, &#8220;fui torturado por Iv\u00e1n M\u00e1rquez Lucido, exdirector del penalito en Veracruz. En Veracruz se vive persecuci\u00f3n pol\u00edtica y tambi\u00e9n tortura, doy cuenta de ello. Hace una semana, una juez local penal en Veracruz en la sala C, dictamin\u00f3 que hay vicios de parte de la Fiscal\u00eda General del Estado en mi protocolo de Estambul y en mi carpeta de investigaci\u00f3n&#8221;, dijo del R\u00edo Argudin.<\/p>\n\n\n\n<p>Por lo que el l\u00edder municipal fue respaldado en conferencia de prensa por el dirigente estatal del Sol Azteca, Sergio Cadena, quien agreg\u00f3 que le est\u00e1n exigiendo al gobierno estatal que haya justicia, se aplique el estado de derecho y la ley para que haya castigo para los torturadores y no se atropelle a los actores pol\u00edticos.<\/p>\n\n\n\n<p>Acus\u00f3 que est\u00e1n protegiendo a la subsecretaria de Seguridad P\u00fablica quien orden\u00f3 su tortura por ser aliado del exgobernador Miguel \u00c1ngel Yunes Linares.<\/p>\n\n\n\n<p>&#8220;Veracruz vive en inmundicia y en la persecuci\u00f3n pol\u00edtica, pero lo m\u00e1s lamentable es que est\u00e1n cometiendo delitos internacionales de lesa humanidad. Yo quiero decirles que mi lucha seguir\u00e1 porque lo \u00fanico que pido es justicia y pido que caiga mi agresor y mi torturador, Iv\u00e1n M\u00e1rquez Lucido. Exijo la remoci\u00f3n inmediata de los fiscales encargados de mi caso porque ya un juez determin\u00f3 que hay vicios que est\u00e1n transversando las cosas&#8221;, se\u00f1al\u00f3.<\/p>\n\n\n\n<p>R\u00edo Argudin record\u00f3 que mientras estuvo encarcelado en el 2023, de febrero a 2 de junio recibi\u00f3 &#8220;m\u00e1s de 40 tablazos, hay un dictamen m\u00e9dico, el cual tengo una lesi\u00f3n muy importante en mi columna vertebral. Hay un protocolo de Estambul que tuvieron que invalidar Porque la Fiscal\u00eda General del Estado quiso tapar la situaci\u00f3n porque la persona que lo hizo es personal de Cuitl\u00e1huac Garc\u00eda&#8221;.<\/p>\n\n\n\n<p>Insisti\u00f3 en que hay una persecuci\u00f3n pol\u00edtica y que le inventaron fraude, pero adem\u00e1s que todo est\u00e1 documentado. Luego de cuatro meses fue liberado y present\u00f3 una queja ante la Comisi\u00f3n Estatal de Derechos Humanos que est\u00e1 por emitir una recomendaci\u00f3n en contra del gobierno del estado.<\/p>\n\n\n\n<p>&#8220;Ya est\u00e1 comprobado, hay m\u00e1s de 6 testigos. Hay toda una carpeta que lamentablemente la Fiscal\u00eda est\u00e1 tratando de cubrir para no afectar los intereses de Cuitl\u00e1huac Garc\u00eda&#8221;, acus\u00f3.<br>Sergio Cadena agreg\u00f3 que Morena es un desastre y est\u00e1 destruyendo el estado de derecho.<\/p>\n\n\n\n<p>Finalmente dio a conocer que, &#8220;violenta, agrede, encarcela a los actores pol\u00edticos, esto es una lucha de tres partidos, pero en nuestro caso estamos defendiendo a To\u00f1o, que es nuestro presidente. Morena se va, Morena miente, Morena roba y Morena traiciona&#8221;.<\/p>\n","protected":false},"excerpt":{"rendered":"<p>Dar\u00edo Pale Xalapa, Ver.- El presidente del Comit\u00e9 Directivo Estatal del Partido de la Revoluci\u00f3n Democr\u00e1tica (PRD), Sergio Cadena Mart\u00ednez acus\u00f3 que en Veracruz se vive una persecuci\u00f3n pol\u00edtica, ya que el presidente del comit\u00e9 municipal del puerto Antonio del R\u00edo Argudin al igual que muchos otros militantes de su partido los han perseguido y [&hellip;]<\/p>\n","protected":false},"author":2476,"featured_media":54164,"comment_status":"open","ping_status":"open","sticky":false,"template":"","format":"standard","meta":{"_jetpack_memberships_contains_paid_content":false,"footnotes":""},"categories":[2],"tags":[],"class_list":["post-54163","post","type-post","status-publish","format-standard","has-post-thumbnail","hentry","category-estado"],"jetpack_featured_media_url":"https:\/\/encuentroinformativo.com.mx\/wp-content\/uploads\/2024\/05\/IMG-20240507-WA0112.jpg","jetpack_sharing_enabled":true,"jetpack_likes_enabled":true,"amp_enabled":true,"_links":{"self":[{"href":"https:\/\/encuentroinformativo.com.mx\/index.php?rest_route=\/wp\/v2\/posts\/54163","targetHints":{"allow":["GET"]}}],"collection":[{"href":"https:\/\/encuentroinformativo.com.mx\/index.php?rest_route=\/wp\/v2\/posts"}],"about":[{"href":"https:\/\/encuentroinformativo.com.mx\/index.php?rest_route=\/wp\/v2\/types\/post"}],"author":[{"embeddable":true,"href":"https:\/\/encuentroinformativo.com.mx\/index.php?rest_route=\/wp\/v2\/users\/2476"}],"replies":[{"embeddable":true,"href":"https:\/\/encuentroinformativo.com.mx\/index.php?rest_route=%2Fwp%2Fv2%2Fcomments&post=54163"}],"version-history":[{"count":1,"href":"https:\/\/encuentroinformativo.com.mx\/index.php?rest_route=\/wp\/v2\/posts\/54163\/revisions"}],"predecessor-version":[{"id":54165,"href":"https:\/\/encuentroinformativo.com.mx\/index.php?rest_route=\/wp\/v2\/posts\/54163\/revisions\/54165"}],"wp:featuredmedia":[{"embeddable":true,"href":"https:\/\/encuentroinformativo.com.mx\/index.php?rest_route=\/wp\/v2\/media\/54164"}],"wp:attachment":[{"href":"https:\/\/encuentroinformativo.com.mx\/index.php?rest_route=%2Fwp%2Fv2%2Fmedia&parent=54163"}],"wp:term":[{"taxonomy":"category","embeddable":true,"href":"https:\/\/encuentroinformativo.com.mx\/index.php?rest_route=%2Fwp%2Fv2%2Fcategories&post=54163"},{"taxonomy":"post_tag","embeddable":true,"href":"https:\/\/encuentroinformativo.com.mx\/index.php?rest_route=%2Fwp%2Fv2%2Ftags&post=54163"}],"curies":[{"name":"wp","href":"https:\/\/api.w.org\/{rel}","templated":true}]}}