{"id":54166,"date":"2024-05-07T15:19:39","date_gmt":"2024-05-07T21:19:39","guid":{"rendered":"https:\/\/encuentroinformativo.com.mx\/?p=54166"},"modified":"2024-05-07T15:19:45","modified_gmt":"2024-05-07T21:19:45","slug":"lleva-ivai-invitacion-para-ser-comisionada-o-comisionado-infantil-a-escuelas-de-xalapa","status":"publish","type":"post","link":"https:\/\/encuentroinformativo.com.mx\/?p=54166","title":{"rendered":"Lleva IVAI invitaci\u00f3n para ser comisionada o comisionado infantil a escuelas de Xalapa"},"content":{"rendered":"\n<p>Xalapa, Ver.- Con el objetivo de socializar el Concurso para ser Comisionada y Comisionado Infantil y formar parte del pleno ni\u00f1as y ni\u00f1os 2024 del Instituto Veracruzano de Acceso a la Informaci\u00f3n, este d\u00eda se visit\u00f3 la Escuela Primaria Manuel R. Guti\u00e9rrez con el Programa Proyecto LENTES y la Brigada Espa\u00f1ol para Todos \u201cMujeres Insurgentes\u201d.<\/p>\n\n\n\n<p>En este evento estuvo como invitada especial la Doctora Josefina Rom\u00e1n Vergara, Comisionada del INAI; en el pres\u00eddium estuvieron presentes el Comisionado Presidente del IVAI, David Agust\u00edn Jim\u00e9nez Rojas, y la Comisionada de la Ponencia I, la Maestra Naldy Patricia Rodr\u00edguez Lagunes.<\/p>\n\n\n\n<p>Durante su mensaje Jim\u00e9nez Rojas apunt\u00f3 que la seguridad de la informaci\u00f3n personal es un tema de suma importancia, por lo que es primordial aprender a no compartir su informaci\u00f3n personal en l\u00ednea con extra\u00f1os. \u201cLas contrase\u00f1as, direcciones y n\u00fameros de tel\u00e9fono son como secretos que s\u00f3lo deben compartir con sus padres o personas de confianza\u201d, finaliz\u00f3.<\/p>\n\n\n\n<p>Por su parte la Comisionada del INAI aprovech\u00f3 la ocasi\u00f3n para invitar a las y los ni\u00f1os de la escuela primaria Manuel R. Guti\u00e9rrez a participar en el Concurso para ser Comisionada y Comisionado infantil 2024, el cual tiene como objetivo difundir la importancia de la protecci\u00f3n de los datos personales, los riesgos que existen en el uso de las tecnolog\u00edas y la prevenci\u00f3n de violencia digital.<\/p>\n\n\n\n<p>Durante el evento se llevaron a cabo distintas din\u00e1micas como una activaci\u00f3n f\u00edsica para las y los ni\u00f1os de la primaria, as\u00ed como una poes\u00eda por parte de alumnos de la escuela; el Ensamble de Persecuciones denominado \u201cTepinaztle\u201d y la participaci\u00f3n del Ballet Internacional de la SEV.<\/p>\n\n\n\n<p>Al t\u00e9rmino de las actividades educativo-culturales, enfocadas a la ni\u00f1ez de dicha primaria, se llev\u00f3 a cabo una serie de talleres a cargo de la Brigada \u201cMujeres Insurgentes\u201d e IVAI, en donde particip\u00f3 la Comisionada del INAI, Josefina Rom\u00e1n Vergara; el Comisionado Presidente del IVAI, David Jim\u00e9nez y la Comisionada de la Ponencia I, Naldy Rodr\u00edguez; misma que estuvo dirigida a madres, padres y estudiantes de la misma.<\/p>\n\n\n\n<p>As\u00ed como una reuni\u00f3n con personal docente misma que llev\u00f3 a cabo la Mtra. Julieta Jim\u00e9nez Torres y la Mtra. Susana Lili M\u00e1rquez Pineda.<\/p>\n\n\n\n<p>En el presidium estuvieron presentes la Maestra Julieta Jim\u00e9nez Torres, Promotora de la Lectura y la Cultura en Veracruz; la Maestra Susana Lili M\u00e1rquez Pineda, Coordinadora Estatal de Espa\u00f1ol para Todos y Coordinadora General de la Brigada de Promoci\u00f3n de la Lectura y la Cultura &#8220;Mujeres Insurgentes&#8221;; la Maestra Mar\u00eda Teresa Cancela Ch\u00e1vez, Directora de la Escuela Primaria &#8220;Manuel R. Guti\u00e9rrez\u201d y su Subdirector el Maestro Edgar Hern\u00e1ndez V\u00e1zquez.<\/p>\n\n\n\n<p>De igual manera estuvieron en el presidium la Maestra Elizabeth Alfaro Planell, Supervisora Escolar Zona 282, y Ver\u00f3nica Apoco, T\u00e9cnico de la Zona Escolar 282 Xalapa; el Maestro Albino Gonz\u00e1lez Hern\u00e1ndez, de Lengua N\u00e1huatl; Carmen Chac\u00f3n Guti\u00e9rrez, Presidenta de la Asociaci\u00f3n de Padres de Familia, y la Tesorera Mar\u00eda Concepci\u00f3n Cordona P\u00e9rez.<\/p>\n","protected":false},"excerpt":{"rendered":"<p>Xalapa, Ver.- Con el objetivo de socializar el Concurso para ser Comisionada y Comisionado Infantil y formar parte del pleno ni\u00f1as y ni\u00f1os 2024 del Instituto Veracruzano de Acceso a la Informaci\u00f3n, este d\u00eda se visit\u00f3 la Escuela Primaria Manuel R. Guti\u00e9rrez con el Programa Proyecto LENTES y la Brigada Espa\u00f1ol para Todos \u201cMujeres Insurgentes\u201d. [&hellip;]<\/p>\n","protected":false},"author":2476,"featured_media":54167,"comment_status":"open","ping_status":"open","sticky":false,"template":"","format":"standard","meta":{"_jetpack_memberships_contains_paid_content":false,"footnotes":""},"categories":[2],"tags":[],"class_list":["post-54166","post","type-post","status-publish","format-standard","has-post-thumbnail","hentry","category-estado"],"jetpack_featured_media_url":"https:\/\/encuentroinformativo.com.mx\/wp-content\/uploads\/2024\/05\/IMG-20240507-WA00472.jpg","jetpack_sharing_enabled":true,"jetpack_likes_enabled":true,"amp_enabled":true,"_links":{"self":[{"href":"https:\/\/encuentroinformativo.com.mx\/index.php?rest_route=\/wp\/v2\/posts\/54166","targetHints":{"allow":["GET"]}}],"collection":[{"href":"https:\/\/encuentroinformativo.com.mx\/index.php?rest_route=\/wp\/v2\/posts"}],"about":[{"href":"https:\/\/encuentroinformativo.com.mx\/index.php?rest_route=\/wp\/v2\/types\/post"}],"author":[{"embeddable":true,"href":"https:\/\/encuentroinformativo.com.mx\/index.php?rest_route=\/wp\/v2\/users\/2476"}],"replies":[{"embeddable":true,"href":"https:\/\/encuentroinformativo.com.mx\/index.php?rest_route=%2Fwp%2Fv2%2Fcomments&post=54166"}],"version-history":[{"count":1,"href":"https:\/\/encuentroinformativo.com.mx\/index.php?rest_route=\/wp\/v2\/posts\/54166\/revisions"}],"predecessor-version":[{"id":54168,"href":"https:\/\/encuentroinformativo.com.mx\/index.php?rest_route=\/wp\/v2\/posts\/54166\/revisions\/54168"}],"wp:featuredmedia":[{"embeddable":true,"href":"https:\/\/encuentroinformativo.com.mx\/index.php?rest_route=\/wp\/v2\/media\/54167"}],"wp:attachment":[{"href":"https:\/\/encuentroinformativo.com.mx\/index.php?rest_route=%2Fwp%2Fv2%2Fmedia&parent=54166"}],"wp:term":[{"taxonomy":"category","embeddable":true,"href":"https:\/\/encuentroinformativo.com.mx\/index.php?rest_route=%2Fwp%2Fv2%2Fcategories&post=54166"},{"taxonomy":"post_tag","embeddable":true,"href":"https:\/\/encuentroinformativo.com.mx\/index.php?rest_route=%2Fwp%2Fv2%2Ftags&post=54166"}],"curies":[{"name":"wp","href":"https:\/\/api.w.org\/{rel}","templated":true}]}}