{"id":54169,"date":"2024-05-07T15:49:35","date_gmt":"2024-05-07T21:49:35","guid":{"rendered":"https:\/\/encuentroinformativo.com.mx\/?p=54169"},"modified":"2024-05-07T15:49:41","modified_gmt":"2024-05-07T21:49:41","slug":"derriban-arbol-emblematico-de-coatepec","status":"publish","type":"post","link":"https:\/\/encuentroinformativo.com.mx\/?p=54169","title":{"rendered":"Derriban \u00e1rbol emblem\u00e1tico de Coatepec"},"content":{"rendered":"\n<p><strong>Juan Arcos <\/strong><\/p>\n\n\n\n<p>Coatepec, Ver.- El ayuntamiento de Coatepec inici\u00f3 las labores para el derribo de un \u00e1rbol emblem\u00e1tico del parque Miguel Hidalgo que hab\u00eda sido diagnosticado como muerto por la Red de Viveros de Biodiversidad (Revive).<\/p>\n\n\n\n<p>Se trata de un ficus o laurel de la India que se localiza frente al Palacio Municipal de Coatepec y cuyas causas de muerte son varias, como la mala propagaci\u00f3n, podas severas, el calor, emisiones cercanas, el vertido de aceite caliente y el mal manejo de las ra\u00edces.<\/p>\n\n\n\n<p>De acuerdo con An\u00edbal Ram\u00edrez Soto, director de la asociaci\u00f3n civil Revive, se utiliz\u00f3 un equipo tecnol\u00f3gico para realizar una tomograf\u00eda al ejemplar y la informaci\u00f3n fue presentada al ayuntamiento, que encabeza el alcalde Raymundo Andrade Rivera.<\/p>\n\n\n\n<p>Despu\u00e9s de esto, el gobierno municipal decidi\u00f3 talar el \u00e1rbol mencionado para evitar una tragedia por su posible colapso; sin embargo, las autoridades locales carecen de un plan para habilitar nuevos espacios como \u00e1reas verdes.<\/p>\n\n\n\n<p>&#8220;Una vez que dimos informaci\u00f3n al municipio y que ellos, pues que bueno que la utilizaron, pues ya se est\u00e1 haciendo el manejo del arbolado, o sea ya se est\u00e1 empezando a retirar parcialmente y eso pues es un beneficio potencial a la comunidad porque pues no le va a caer a nadie.<\/p>\n\n\n\n<p>Sin embargo, digamos que esta tecnolog\u00eda a nosotros en realidad no es nuestro objetivo \u00fanico, el hecho de diagnosticar \u00e1rboles para que los tumben, o sea, obvio que s\u00ed, tambi\u00e9n es para prevenir eso, pero nuestro inter\u00e9s fundamental es que las ciudades sean m\u00e1s verdes y m\u00e1s frescas\u201d.<\/p>\n\n\n\n<p>El entrevistado consider\u00f3 que Coatepec es una ciudad \u201cgris\u201d, ya que carece de zonas verdes y espacios para la siembra de \u00e1rboles.<\/p>\n\n\n\n<p>&#8220;Desafortunadamente, el tipo de desarrollo, el concepto de c\u00f3mo se desarrollan las ciudades ha sido en detrimento de los \u00e1rboles y Coatepec, a\u00fan con la vegetaci\u00f3n exuberante que tiene, me refiero a un aspecto clim\u00e1tico, pues es una ciudad s\u00faper gris. \u00bfPor qu\u00e9? Porque todo el desarrollo se est\u00e1 realizando sin contemplar absolutamente nada a las \u00e1reas verdes, o sea, no hay parques suficientemente extensos. El \u00fanico punto verde de la ciudad de Coatepec es el parque y la iglesia y ya\u201d.<\/p>\n\n\n\n<p>Ram\u00edrez Soto a\u00f1adi\u00f3 que los pocos ejemplares que hay en calles del Pueblo M\u00e1gico de Coatepec est\u00e1n en malas condiciones.<\/p>\n\n\n\n<p>\u201cEntonces, as\u00ed como el municipio hace uso de la informaci\u00f3n r\u00e1pida y oportuna para quitar un \u00e1rbol muerto, as\u00ed tambi\u00e9n nos gustar\u00eda, y es m\u00e1s importante, que hiciera caso oportuno para abrir m\u00e1s espacios para \u00e1rboles, no solamente los que ya hay, sino atreverse a quitar pedazos de cemento e incorporar \u00e1rboles de gran porte y de mayor calidad para el futuro clim\u00e1tico del municipio\u201d.<\/p>\n\n\n\n<p>El municipio de Coatepec y otros como Xalapa tienen poco inter\u00e9s en el manejo del arbolado urbano a pesar de ser una medida efectiva para combatir el cambio clim\u00e1tico. Se necesitan pol\u00edticas de reforestaci\u00f3n m\u00e1s potentes.<\/p>\n\n\n\n<p>El Director de Revive hizo un llamado a la ciudadan\u00eda para tomar acci\u00f3n en la reforestaci\u00f3n y reverdecimiento de espacios, as\u00ed como a las autoridades para destinar terrenos grandes para parques.<\/p>\n\n\n\n<p>&#8220;Es necesario invertir en infraestructura verde para asegurar \u00e1reas verdes para las futuras generaciones\u201d, enfatiz\u00f3 An\u00edbal Ram\u00edrez.<\/p>\n\n\n\n<figure class=\"wp-block-image size-large\"><img loading=\"lazy\" decoding=\"async\" width=\"576\" height=\"1024\" src=\"https:\/\/encuentroinformativo.com.mx\/wp-content\/uploads\/2024\/05\/a5314103-e098-4328-a04b-c68a0c17f892-576x1024.jpg\" alt=\"\" class=\"wp-image-54171\" srcset=\"https:\/\/encuentroinformativo.com.mx\/wp-content\/uploads\/2024\/05\/a5314103-e098-4328-a04b-c68a0c17f892-576x1024.jpg 576w, https:\/\/encuentroinformativo.com.mx\/wp-content\/uploads\/2024\/05\/a5314103-e098-4328-a04b-c68a0c17f892-169x300.jpg 169w, https:\/\/encuentroinformativo.com.mx\/wp-content\/uploads\/2024\/05\/a5314103-e098-4328-a04b-c68a0c17f892.jpg 720w\" sizes=\"auto, (max-width: 576px) 100vw, 576px\" \/><\/figure>\n","protected":false},"excerpt":{"rendered":"<p>Juan Arcos Coatepec, Ver.- El ayuntamiento de Coatepec inici\u00f3 las labores para el derribo de un \u00e1rbol emblem\u00e1tico del parque Miguel Hidalgo que hab\u00eda sido diagnosticado como muerto por la Red de Viveros de Biodiversidad (Revive). Se trata de un ficus o laurel de la India que se localiza frente al Palacio Municipal de Coatepec [&hellip;]<\/p>\n","protected":false},"author":2476,"featured_media":54170,"comment_status":"open","ping_status":"open","sticky":false,"template":"","format":"standard","meta":{"_jetpack_memberships_contains_paid_content":false,"footnotes":""},"categories":[8],"tags":[],"class_list":["post-54169","post","type-post","status-publish","format-standard","has-post-thumbnail","hentry","category-region"],"jetpack_featured_media_url":"https:\/\/encuentroinformativo.com.mx\/wp-content\/uploads\/2024\/05\/ef8317f8-9bb2-4760-886c-dce15948882c.jpg","jetpack_sharing_enabled":true,"jetpack_likes_enabled":true,"amp_enabled":true,"_links":{"self":[{"href":"https:\/\/encuentroinformativo.com.mx\/index.php?rest_route=\/wp\/v2\/posts\/54169","targetHints":{"allow":["GET"]}}],"collection":[{"href":"https:\/\/encuentroinformativo.com.mx\/index.php?rest_route=\/wp\/v2\/posts"}],"about":[{"href":"https:\/\/encuentroinformativo.com.mx\/index.php?rest_route=\/wp\/v2\/types\/post"}],"author":[{"embeddable":true,"href":"https:\/\/encuentroinformativo.com.mx\/index.php?rest_route=\/wp\/v2\/users\/2476"}],"replies":[{"embeddable":true,"href":"https:\/\/encuentroinformativo.com.mx\/index.php?rest_route=%2Fwp%2Fv2%2Fcomments&post=54169"}],"version-history":[{"count":1,"href":"https:\/\/encuentroinformativo.com.mx\/index.php?rest_route=\/wp\/v2\/posts\/54169\/revisions"}],"predecessor-version":[{"id":54172,"href":"https:\/\/encuentroinformativo.com.mx\/index.php?rest_route=\/wp\/v2\/posts\/54169\/revisions\/54172"}],"wp:featuredmedia":[{"embeddable":true,"href":"https:\/\/encuentroinformativo.com.mx\/index.php?rest_route=\/wp\/v2\/media\/54170"}],"wp:attachment":[{"href":"https:\/\/encuentroinformativo.com.mx\/index.php?rest_route=%2Fwp%2Fv2%2Fmedia&parent=54169"}],"wp:term":[{"taxonomy":"category","embeddable":true,"href":"https:\/\/encuentroinformativo.com.mx\/index.php?rest_route=%2Fwp%2Fv2%2Fcategories&post=54169"},{"taxonomy":"post_tag","embeddable":true,"href":"https:\/\/encuentroinformativo.com.mx\/index.php?rest_route=%2Fwp%2Fv2%2Ftags&post=54169"}],"curies":[{"name":"wp","href":"https:\/\/api.w.org\/{rel}","templated":true}]}}