{"id":54185,"date":"2024-05-08T11:16:01","date_gmt":"2024-05-08T17:16:01","guid":{"rendered":"https:\/\/encuentroinformativo.com.mx\/?p=54185"},"modified":"2024-05-08T11:16:07","modified_gmt":"2024-05-08T17:16:07","slug":"realizan-asamblea-informativa-en-jilotepec","status":"publish","type":"post","link":"https:\/\/encuentroinformativo.com.mx\/?p=54185","title":{"rendered":"Realizan asamblea informativa en Jilotepec"},"content":{"rendered":"\n<p><strong>*<em>Contingente de UNIDOS TODOS brinda alegr\u00eda y ambiente al evento<\/em>.<\/strong><\/p>\n\n\n\n<p>Jilotepec, Veracruz .- En un ambiente de entusiasmo y compromiso c\u00edvico, la candidata al gobierno de Veracruz por la coalici\u00f3n &#8220;Sigamos haciendo Historia&#8221;, Roc\u00edo Nahle, encabez\u00f3 una importante asamblea informativa en el municipio de Jilotepec.<\/p>\n\n\n\n<p>Este evento marca la visita n\u00famero 178 de los 212 municipios que Roc\u00edo Nahle se ha planteado como parte de su campa\u00f1a pol\u00edtica, reafirmando su compromiso con la totalidad del estado.<\/p>\n\n\n\n<p>Durante la asamblea, Roc\u00edo Nahle destac\u00f3 los 8 ejes centrales en los que se basa su plan de gobierno, los cuales abarcan \u00e1reas fundamentales como salud, educaci\u00f3n, seguridad y desarrollo econ\u00f3mico. Asimismo, resalt\u00f3 que de estos ejes se desprenden 180 proyectos que beneficiar\u00e1n a toda la geograf\u00eda veracruzana, promoviendo as\u00ed el progreso y el bienestar para todos los habitantes del estado, bas\u00e1ndose primordialmente en el cuidado ambiental y la sustentabilidad.<\/p>\n\n\n\n<p>El evento cont\u00f3 con el caluroso recibimiento y cobijo de todos los presentes, quienes manifestaron su apoyo y respaldo a la candidatura de Roc\u00edo Nahle.<\/p>\n\n\n\n<p>La presencia de simpatizantes y amigos en la asamblea reflej\u00f3 el firme compromiso de la comunidad de Jilotepec con el proyecto de la coalici\u00f3n &#8220;Sigamos haciendo Historia&#8221;.<\/p>\n\n\n\n<p>Adem\u00e1s, destac\u00f3 la expresi\u00f3n ciudadana &#8220;UNIDOS TODOS&#8221;, integrada por veracruzanas y veracruzanos convencidos de la importancia de continuar con la Cuarta Transformaci\u00f3n.<\/p>\n\n\n\n<p>En este sentido, el Maestro Eleazar Guerrero P\u00e9rez, l\u00edder de esta expresi\u00f3n ciudadana, reafirm\u00f3 su apoyo a todos y cada uno de los candidatos abanderados por MORENA, como parte del compromiso con el cambio y el progreso en Veracruz.<\/p>\n\n\n\n<p>El tambi\u00e9n candidato a diputado federal por la v\u00eda plurinominal, ha hecho un incesante esfuerzo a lo largo del estado, para llevar el mensaje de la Transformaci\u00f3n a los ciudadanos en distintos municipios.<\/p>\n\n\n\n<p>Lo anterior, gracias a la enorme base social que hoy significa el movimiento &#8220;UNIDOS TODOS&#8221;; el cual cuenta con presencia en la mayor parte del territorio veracruzano.<\/p>\n\n\n\n<figure class=\"wp-block-image size-large\"><img loading=\"lazy\" decoding=\"async\" width=\"1024\" height=\"575\" src=\"https:\/\/encuentroinformativo.com.mx\/wp-content\/uploads\/2024\/05\/IMG-20240508-WA0030-1024x575.jpg\" alt=\"\" class=\"wp-image-54187\" srcset=\"https:\/\/encuentroinformativo.com.mx\/wp-content\/uploads\/2024\/05\/IMG-20240508-WA0030-1024x575.jpg 1024w, https:\/\/encuentroinformativo.com.mx\/wp-content\/uploads\/2024\/05\/IMG-20240508-WA0030-300x168.jpg 300w, https:\/\/encuentroinformativo.com.mx\/wp-content\/uploads\/2024\/05\/IMG-20240508-WA0030-768x431.jpg 768w, https:\/\/encuentroinformativo.com.mx\/wp-content\/uploads\/2024\/05\/IMG-20240508-WA0030-1536x862.jpg 1536w, https:\/\/encuentroinformativo.com.mx\/wp-content\/uploads\/2024\/05\/IMG-20240508-WA0030-2048x1150.jpg 2048w\" sizes=\"auto, (max-width: 1024px) 100vw, 1024px\" \/><\/figure>\n","protected":false},"excerpt":{"rendered":"<p>*Contingente de UNIDOS TODOS brinda alegr\u00eda y ambiente al evento. Jilotepec, Veracruz .- En un ambiente de entusiasmo y compromiso c\u00edvico, la candidata al gobierno de Veracruz por la coalici\u00f3n &#8220;Sigamos haciendo Historia&#8221;, Roc\u00edo Nahle, encabez\u00f3 una importante asamblea informativa en el municipio de Jilotepec. Este evento marca la visita n\u00famero 178 de los 212 [&hellip;]<\/p>\n","protected":false},"author":2476,"featured_media":54186,"comment_status":"open","ping_status":"open","sticky":false,"template":"","format":"standard","meta":{"_jetpack_memberships_contains_paid_content":false,"footnotes":""},"categories":[8],"tags":[],"class_list":["post-54185","post","type-post","status-publish","format-standard","has-post-thumbnail","hentry","category-region"],"jetpack_featured_media_url":"https:\/\/encuentroinformativo.com.mx\/wp-content\/uploads\/2024\/05\/IMG-20240508-WA0025-scaled.jpg","jetpack_sharing_enabled":true,"jetpack_likes_enabled":true,"amp_enabled":true,"_links":{"self":[{"href":"https:\/\/encuentroinformativo.com.mx\/index.php?rest_route=\/wp\/v2\/posts\/54185","targetHints":{"allow":["GET"]}}],"collection":[{"href":"https:\/\/encuentroinformativo.com.mx\/index.php?rest_route=\/wp\/v2\/posts"}],"about":[{"href":"https:\/\/encuentroinformativo.com.mx\/index.php?rest_route=\/wp\/v2\/types\/post"}],"author":[{"embeddable":true,"href":"https:\/\/encuentroinformativo.com.mx\/index.php?rest_route=\/wp\/v2\/users\/2476"}],"replies":[{"embeddable":true,"href":"https:\/\/encuentroinformativo.com.mx\/index.php?rest_route=%2Fwp%2Fv2%2Fcomments&post=54185"}],"version-history":[{"count":1,"href":"https:\/\/encuentroinformativo.com.mx\/index.php?rest_route=\/wp\/v2\/posts\/54185\/revisions"}],"predecessor-version":[{"id":54188,"href":"https:\/\/encuentroinformativo.com.mx\/index.php?rest_route=\/wp\/v2\/posts\/54185\/revisions\/54188"}],"wp:featuredmedia":[{"embeddable":true,"href":"https:\/\/encuentroinformativo.com.mx\/index.php?rest_route=\/wp\/v2\/media\/54186"}],"wp:attachment":[{"href":"https:\/\/encuentroinformativo.com.mx\/index.php?rest_route=%2Fwp%2Fv2%2Fmedia&parent=54185"}],"wp:term":[{"taxonomy":"category","embeddable":true,"href":"https:\/\/encuentroinformativo.com.mx\/index.php?rest_route=%2Fwp%2Fv2%2Fcategories&post=54185"},{"taxonomy":"post_tag","embeddable":true,"href":"https:\/\/encuentroinformativo.com.mx\/index.php?rest_route=%2Fwp%2Fv2%2Ftags&post=54185"}],"curies":[{"name":"wp","href":"https:\/\/api.w.org\/{rel}","templated":true}]}}